{"id":13742,"date":"2022-10-12T21:28:41","date_gmt":"2022-10-13T03:28:41","guid":{"rendered":"https:\/\/gobernacionaltaverapaz.gob.gt\/?p=13742"},"modified":"2022-11-03T11:17:05","modified_gmt":"2022-11-03T17:17:05","slug":"supervision-de-la-recepcin-de-5500-raciones-de-alimentos","status":"publish","type":"post","link":"https:\/\/gobernacionaltaverapaz.gob.gt\/?p=13742","title":{"rendered":"Supervision de la recepci\u00f3n de 5,500 raciones de alimentos"},"content":{"rendered":"<div dir=\"auto\" style=\"text-align: justify;\">Gracias a la pronta respuesta del Presidente Constitucional de la Rep\u00fablica Dr. <a class=\"x1i10hfl xjbqb8w x6umtig x1b1mbwd xaqea5y xav7gou x9f619 x1ypdohk xt0psk2 xe8uvvx xdj266r x11i5rnm xat24cr x1mh8g0r xexx8yu x4uap5 x18d9i69 xkhd6sd x16tdsg8 x1hl2dhg xggy1nq x1a2a7pz xt0b8zv x1qq9wsj xo1l8bm\" tabindex=\"0\" role=\"link\" href=\"https:\/\/www.facebook.com\/AlejandroGiammattei?__cft__[0]=AZU3ThMT6MNmJoQLIibd7kt8i4-u58NHY0rn7iIGCumg3Dz-q_p9tsIPuC4mVL-3HBZzD9veHhwPU1LxTmNcNHPPUIsF7z7W9mZEdWrOeAI4DBqxj41PKGWJPNMH16GIJQMpEb5iV-fRozblT59YtEmCXAKDivKOo8y3_BL0JRbX4EVHfDFRlW_KLYVP0SiFLRw&amp;__tn__=-]K-R\"><span class=\"xt0psk2\">Alejandro Giammattei<\/span><\/a>, a la solicitud de requerimientos del <a class=\"x1i10hfl xjbqb8w x6umtig x1b1mbwd xaqea5y xav7gou x9f619 x1ypdohk xt0psk2 xe8uvvx xdj266r x11i5rnm xat24cr x1mh8g0r xexx8yu x4uap5 x18d9i69 xkhd6sd x16tdsg8 x1hl2dhg xggy1nq x1a2a7pz xt0b8zv x1qq9wsj xo1l8bm\" tabindex=\"0\" role=\"link\" href=\"https:\/\/www.facebook.com\/hashtag\/coe?__eep__=6&amp;__cft__[0]=AZU3ThMT6MNmJoQLIibd7kt8i4-u58NHY0rn7iIGCumg3Dz-q_p9tsIPuC4mVL-3HBZzD9veHhwPU1LxTmNcNHPPUIsF7z7W9mZEdWrOeAI4DBqxj41PKGWJPNMH16GIJQMpEb5iV-fRozblT59YtEmCXAKDivKOo8y3_BL0JRbX4EVHfDFRlW_KLYVP0SiFLRw&amp;__tn__=*NK-R\">#COE<\/a> Departamental de <a class=\"x1i10hfl xjbqb8w x6umtig x1b1mbwd xaqea5y xav7gou x9f619 x1ypdohk xt0psk2 xe8uvvx xdj266r x11i5rnm xat24cr x1mh8g0r xexx8yu x4uap5 x18d9i69 xkhd6sd x16tdsg8 x1hl2dhg xggy1nq x1a2a7pz xt0b8zv x1qq9wsj xo1l8bm\" tabindex=\"0\" role=\"link\" href=\"https:\/\/www.facebook.com\/hashtag\/altaverapaz?__eep__=6&amp;__cft__[0]=AZU3ThMT6MNmJoQLIibd7kt8i4-u58NHY0rn7iIGCumg3Dz-q_p9tsIPuC4mVL-3HBZzD9veHhwPU1LxTmNcNHPPUIsF7z7W9mZEdWrOeAI4DBqxj41PKGWJPNMH16GIJQMpEb5iV-fRozblT59YtEmCXAKDivKOo8y3_BL0JRbX4EVHfDFRlW_KLYVP0SiFLRw&amp;__tn__=*NK-R\">#AltaVerapaz<\/a>, dirigido por el Dr. Fernando Klarck, se lleva a cabo la supervision de la recepci\u00f3n de 5,500 raciones de alimentos para atender de forma inmediata a la poblaci\u00f3n damnificada por la Tormenta Tropical <a class=\"x1i10hfl xjbqb8w x6umtig x1b1mbwd xaqea5y xav7gou x9f619 x1ypdohk xt0psk2 xe8uvvx xdj266r x11i5rnm xat24cr x1mh8g0r xexx8yu x4uap5 x18d9i69 xkhd6sd x16tdsg8 x1hl2dhg xggy1nq x1a2a7pz xt0b8zv x1qq9wsj xo1l8bm\" tabindex=\"0\" role=\"link\" href=\"https:\/\/www.facebook.com\/hashtag\/julia?__eep__=6&amp;__cft__[0]=AZU3ThMT6MNmJoQLIibd7kt8i4-u58NHY0rn7iIGCumg3Dz-q_p9tsIPuC4mVL-3HBZzD9veHhwPU1LxTmNcNHPPUIsF7z7W9mZEdWrOeAI4DBqxj41PKGWJPNMH16GIJQMpEb5iV-fRozblT59YtEmCXAKDivKOo8y3_BL0JRbX4EVHfDFRlW_KLYVP0SiFLRw&amp;__tn__=*NK-R\">#Julia<\/a>. Las cuales ser\u00e1n distribuidas a las 17 municipalidades del departamento el d\u00eda de ma\u00f1ana 13 de octubre.<\/div>\n<div dir=\"auto\" style=\"text-align: justify;\">Raciones consistentes en :<\/div>\n<div dir=\"auto\">Frijol<\/div>\n<div dir=\"auto\">Arroz blanco<\/div>\n<div dir=\"auto\">Harina de ma\u00edz<\/div>\n<div dir=\"auto\">Aceite vegetal<\/div>\n<div dir=\"auto\">Avena<\/div>\n<div dir=\"auto\">Az\u00facar<\/div>\n<div dir=\"auto\">Alimentos previstos para 30 d\u00edas.<\/div>\n<div dir=\"auto\"><\/div>\n<div dir=\"auto\"><\/div>\n<div dir=\"auto\"><\/div>\n<div dir=\"auto\">\n<div><\/div>\n<\/div>\n<p>&nbsp;<\/p>\n","protected":false},"excerpt":{"rendered":"<p>Gracias a la pronta respuesta del Presidente Constitucional de la Rep\u00fablica Dr. Alejandro Giammattei, a la solicitud de requerimientos del #COE Departamental de #AltaVerapaz, dirigido por el Dr. Fernando Klarck, se lleva a cabo la supervision de la recepci\u00f3n de 5,500 raciones de alimentos para atender de forma inmediata a la poblaci\u00f3n damnificada por la [&hellip;]<\/p>\n","protected":false},"author":1,"featured_media":13736,"comment_status":"closed","ping_status":"open","sticky":false,"template":"","format":"gallery","meta":[],"categories":[182],"tags":[178],"_links":{"self":[{"href":"https:\/\/gobernacionaltaverapaz.gob.gt\/index.php?rest_route=\/wp\/v2\/posts\/13742"}],"collection":[{"href":"https:\/\/gobernacionaltaverapaz.gob.gt\/index.php?rest_route=\/wp\/v2\/posts"}],"about":[{"href":"https:\/\/gobernacionaltaverapaz.gob.gt\/index.php?rest_route=\/wp\/v2\/types\/post"}],"author":[{"embeddable":true,"href":"https:\/\/gobernacionaltaverapaz.gob.gt\/index.php?rest_route=\/wp\/v2\/users\/1"}],"replies":[{"embeddable":true,"href":"https:\/\/gobernacionaltaverapaz.gob.gt\/index.php?rest_route=%2Fwp%2Fv2%2Fcomments&post=13742"}],"version-history":[{"count":2,"href":"https:\/\/gobernacionaltaverapaz.gob.gt\/index.php?rest_route=\/wp\/v2\/posts\/13742\/revisions"}],"predecessor-version":[{"id":13744,"href":"https:\/\/gobernacionaltaverapaz.gob.gt\/index.php?rest_route=\/wp\/v2\/posts\/13742\/revisions\/13744"}],"wp:featuredmedia":[{"embeddable":true,"href":"https:\/\/gobernacionaltaverapaz.gob.gt\/index.php?rest_route=\/wp\/v2\/media\/13736"}],"wp:attachment":[{"href":"https:\/\/gobernacionaltaverapaz.gob.gt\/index.php?rest_route=%2Fwp%2Fv2%2Fmedia&parent=13742"}],"wp:term":[{"taxonomy":"category","embeddable":true,"href":"https:\/\/gobernacionaltaverapaz.gob.gt\/index.php?rest_route=%2Fwp%2Fv2%2Fcategories&post=13742"},{"taxonomy":"post_tag","embeddable":true,"href":"https:\/\/gobernacionaltaverapaz.gob.gt\/index.php?rest_route=%2Fwp%2Fv2%2Ftags&post=13742"}],"curies":[{"name":"wp","href":"https:\/\/api.w.org\/{rel}","templated":true}]}}