{"id":13779,"date":"2022-10-19T09:14:37","date_gmt":"2022-10-19T15:14:37","guid":{"rendered":"https:\/\/gobernacionaltaverapaz.gob.gt\/?p=13779"},"modified":"2022-11-09T11:08:38","modified_gmt":"2022-11-09T17:08:38","slug":"jornadas-de-capacitacin-con-la-educacin-ambiental-departamental","status":"publish","type":"post","link":"https:\/\/gobernacionaltaverapaz.gob.gt\/?p=13779","title":{"rendered":"Jornadas de capacitaci\u00f3n con la Educaci\u00f3n Ambiental Departamental"},"content":{"rendered":"<p style=\"text-align: justify;\"><span class=\"x193iq5w xeuugli x13faqbe x1vvkbs x1xmvt09 x1lliihq x1s928wv xhkezso x1gmr53x x1cpjm7i x1fgarty x1943h6x xudqn12 x3x7a5m x6prxxf xvq8zen xo1l8bm xzsf02u x1yc453h\" dir=\"auto\">La Delegaci\u00f3n del <a class=\"x1i10hfl xjbqb8w x6umtig x1b1mbwd xaqea5y xav7gou x9f619 x1ypdohk xt0psk2 xe8uvvx xdj266r x11i5rnm xat24cr x1mh8g0r xexx8yu x4uap5 x18d9i69 xkhd6sd x16tdsg8 x1hl2dhg xggy1nq x1a2a7pz xt0b8zv x1qq9wsj xo1l8bm\" tabindex=\"0\" role=\"link\" href=\"https:\/\/www.facebook.com\/hashtag\/marn?__eep__=6&amp;__cft__[0]=AZV4V8CNeu4ySCyb67UelqJRSMLVWiAeLynEuZixItoGmlXKF6IXkajLDP2atlMY4PCtrzuI_0Eu-12BVuXFxjj0gxgWe4gBeKdPNpCjgX0RB7x8ilkJdi1F8MI8zfYsGRBiME-ftbOFZ38AVpD7UaRwvCbpWh2KbJEA9yi4jRFwX2hlsCcweBIQW9wMo1hDZn0&amp;__tn__=*NK-R\">#MARN<\/a> de <a class=\"x1i10hfl xjbqb8w x6umtig x1b1mbwd xaqea5y xav7gou x9f619 x1ypdohk xt0psk2 xe8uvvx xdj266r x11i5rnm xat24cr x1mh8g0r xexx8yu x4uap5 x18d9i69 xkhd6sd x16tdsg8 x1hl2dhg xggy1nq x1a2a7pz xt0b8zv x1qq9wsj xo1l8bm\" tabindex=\"0\" role=\"link\" href=\"https:\/\/www.facebook.com\/hashtag\/altaverapaz?__eep__=6&amp;__cft__[0]=AZV4V8CNeu4ySCyb67UelqJRSMLVWiAeLynEuZixItoGmlXKF6IXkajLDP2atlMY4PCtrzuI_0Eu-12BVuXFxjj0gxgWe4gBeKdPNpCjgX0RB7x8ilkJdi1F8MI8zfYsGRBiME-ftbOFZ38AVpD7UaRwvCbpWh2KbJEA9yi4jRFwX2hlsCcweBIQW9wMo1hDZn0&amp;__tn__=*NK-R\">#AltaVerapaz<\/a>, comprometida con la Educaci\u00f3n Ambiental Departamental, realiz\u00f3 jornadas de capacitaci\u00f3n sobre medio ambiente y Recursos Naturales y manejo de residuos y desechos s\u00f3lidos en <a class=\"x1i10hfl xjbqb8w x6umtig x1b1mbwd xaqea5y xav7gou x9f619 x1ypdohk xt0psk2 xe8uvvx xdj266r x11i5rnm xat24cr x1mh8g0r xexx8yu x4uap5 x18d9i69 xkhd6sd x16tdsg8 x1hl2dhg xggy1nq x1a2a7pz xt0b8zv x1qq9wsj xo1l8bm\" tabindex=\"0\" role=\"link\" href=\"https:\/\/www.facebook.com\/profile.php?id=100083407747708&amp;__cft__[0]=AZV4V8CNeu4ySCyb67UelqJRSMLVWiAeLynEuZixItoGmlXKF6IXkajLDP2atlMY4PCtrzuI_0Eu-12BVuXFxjj0gxgWe4gBeKdPNpCjgX0RB7x8ilkJdi1F8MI8zfYsGRBiME-ftbOFZ38AVpD7UaRwvCbpWh2KbJEA9yi4jRFwX2hlsCcweBIQW9wMo1hDZn0&amp;__tn__=-]K-R\"><span class=\"xt0psk2\">Creompaz Cob\u00e1n<\/span><\/a>, Escuela Sachamach de Cob\u00e1n y en la Aldea Las Pacayas San Crist\u00f3bal Verapaz como parte de las acciones del Programa Interministerial Acomp\u00e1\u00f1ame a Crecer.<\/span><\/p>\n<p>&nbsp;<\/p>\n<div><\/div>\n","protected":false},"excerpt":{"rendered":"<p>La Delegaci\u00f3n del #MARN de #AltaVerapaz, comprometida con la Educaci\u00f3n Ambiental Departamental, realiz\u00f3 jornadas de capacitaci\u00f3n sobre medio ambiente y Recursos Naturales y manejo de residuos y desechos s\u00f3lidos en Creompaz Cob\u00e1n, Escuela Sachamach de Cob\u00e1n y en la Aldea Las Pacayas San Crist\u00f3bal Verapaz como parte de las acciones del Programa Interministerial Acomp\u00e1\u00f1ame a [&hellip;]<\/p>\n","protected":false},"author":1,"featured_media":13776,"comment_status":"closed","ping_status":"open","sticky":false,"template":"","format":"gallery","meta":[],"categories":[194],"tags":[178],"_links":{"self":[{"href":"https:\/\/gobernacionaltaverapaz.gob.gt\/index.php?rest_route=\/wp\/v2\/posts\/13779"}],"collection":[{"href":"https:\/\/gobernacionaltaverapaz.gob.gt\/index.php?rest_route=\/wp\/v2\/posts"}],"about":[{"href":"https:\/\/gobernacionaltaverapaz.gob.gt\/index.php?rest_route=\/wp\/v2\/types\/post"}],"author":[{"embeddable":true,"href":"https:\/\/gobernacionaltaverapaz.gob.gt\/index.php?rest_route=\/wp\/v2\/users\/1"}],"replies":[{"embeddable":true,"href":"https:\/\/gobernacionaltaverapaz.gob.gt\/index.php?rest_route=%2Fwp%2Fv2%2Fcomments&post=13779"}],"version-history":[{"count":1,"href":"https:\/\/gobernacionaltaverapaz.gob.gt\/index.php?rest_route=\/wp\/v2\/posts\/13779\/revisions"}],"predecessor-version":[{"id":13780,"href":"https:\/\/gobernacionaltaverapaz.gob.gt\/index.php?rest_route=\/wp\/v2\/posts\/13779\/revisions\/13780"}],"wp:featuredmedia":[{"embeddable":true,"href":"https:\/\/gobernacionaltaverapaz.gob.gt\/index.php?rest_route=\/wp\/v2\/media\/13776"}],"wp:attachment":[{"href":"https:\/\/gobernacionaltaverapaz.gob.gt\/index.php?rest_route=%2Fwp%2Fv2%2Fmedia&parent=13779"}],"wp:term":[{"taxonomy":"category","embeddable":true,"href":"https:\/\/gobernacionaltaverapaz.gob.gt\/index.php?rest_route=%2Fwp%2Fv2%2Fcategories&post=13779"},{"taxonomy":"post_tag","embeddable":true,"href":"https:\/\/gobernacionaltaverapaz.gob.gt\/index.php?rest_route=%2Fwp%2Fv2%2Ftags&post=13779"}],"curies":[{"name":"wp","href":"https:\/\/api.w.org\/{rel}","templated":true}]}}