{"id":13785,"date":"2022-10-19T09:23:20","date_gmt":"2022-10-19T15:23:20","guid":{"rendered":"https:\/\/gobernacionaltaverapaz.gob.gt\/?p=13785"},"modified":"2022-11-09T11:21:35","modified_gmt":"2022-11-09T17:21:35","slug":"culmina-el-taller-del-taller-abordaje-acuerdo-gubernativo-1642021","status":"publish","type":"post","link":"https:\/\/gobernacionaltaverapaz.gob.gt\/?p=13785","title":{"rendered":"Culmina el taller del Taller Abordaje Acuerdo Gubernativo 164-2021"},"content":{"rendered":"<p style=\"text-align: justify;\"><span class=\"x193iq5w xeuugli x13faqbe x1vvkbs x1xmvt09 x1lliihq x1s928wv xhkezso x1gmr53x x1cpjm7i x1fgarty x1943h6x xudqn12 x3x7a5m x6prxxf xvq8zen xo1l8bm xzsf02u x1yc453h\" dir=\"auto\">La Delegaci\u00f3n Departamental del <a class=\"x1i10hfl xjbqb8w x6umtig x1b1mbwd xaqea5y xav7gou x9f619 x1ypdohk xt0psk2 xe8uvvx xdj266r x11i5rnm xat24cr x1mh8g0r xexx8yu x4uap5 x18d9i69 xkhd6sd x16tdsg8 x1hl2dhg xggy1nq x1a2a7pz xt0b8zv x1qq9wsj xo1l8bm\" tabindex=\"0\" role=\"link\" href=\"https:\/\/www.facebook.com\/hashtag\/marn?__eep__=6&amp;__cft__[0]=AZVGVbZXyfBFlwcWxO_JxEm6DvCPl13DD6nQLh8Xa5iv-Ouqx1M4zuxQKxAXQdDMHIntBZNOUu0zeE25p2y5WOwPzBEWWAR1iUdZs6eovxjU-1kHTAMqdtSTdPGDtnr93NgtYZkLtvVxgeyN-AUlQQn8Q_JBl2v6N2U96yw7ZCRYt-1E5YzDFDpSghfo9vl4xhE&amp;__tn__=*NK-R\">#MARN<\/a> de <a class=\"x1i10hfl xjbqb8w x6umtig x1b1mbwd xaqea5y xav7gou x9f619 x1ypdohk xt0psk2 xe8uvvx xdj266r x11i5rnm xat24cr x1mh8g0r xexx8yu x4uap5 x18d9i69 xkhd6sd x16tdsg8 x1hl2dhg xggy1nq x1a2a7pz xt0b8zv x1qq9wsj xo1l8bm\" tabindex=\"0\" role=\"link\" href=\"https:\/\/www.facebook.com\/hashtag\/altaverapaz?__eep__=6&amp;__cft__[0]=AZVGVbZXyfBFlwcWxO_JxEm6DvCPl13DD6nQLh8Xa5iv-Ouqx1M4zuxQKxAXQdDMHIntBZNOUu0zeE25p2y5WOwPzBEWWAR1iUdZs6eovxjU-1kHTAMqdtSTdPGDtnr93NgtYZkLtvVxgeyN-AUlQQn8Q_JBl2v6N2U96yw7ZCRYt-1E5YzDFDpSghfo9vl4xhE&amp;__tn__=*NK-R\">#AltaVerapaz<\/a>, culmina el taller del Taller Abordaje Acuerdo Gubernativo 164-2021. Co creaci\u00f3n de los Planes de Transici\u00f3n con municipios priorizado en la Franja Transversal del Norte (Fray Bartolom\u00e9, Chahal y Raxruh\u00e1) en alianza con el Programa de Naciones Unidas y el Laboratorio de aceleraci\u00f3n, en el cual se establecieron las acciones a corto, mediano y largo plazo por parte de las Municipalidades para dar cumplimiento al AG 164-2021.<\/span><\/p>\n<p>&nbsp;<\/p>\n<div><\/div>\n","protected":false},"excerpt":{"rendered":"<p>La Delegaci\u00f3n Departamental del #MARN de #AltaVerapaz, culmina el taller del Taller Abordaje Acuerdo Gubernativo 164-2021. Co creaci\u00f3n de los Planes de Transici\u00f3n con municipios priorizado en la Franja Transversal del Norte (Fray Bartolom\u00e9, Chahal y Raxruh\u00e1) en alianza con el Programa de Naciones Unidas y el Laboratorio de aceleraci\u00f3n, en el cual se establecieron [&hellip;]<\/p>\n","protected":false},"author":1,"featured_media":13781,"comment_status":"closed","ping_status":"open","sticky":false,"template":"","format":"gallery","meta":[],"categories":[194],"tags":[178],"_links":{"self":[{"href":"https:\/\/gobernacionaltaverapaz.gob.gt\/index.php?rest_route=\/wp\/v2\/posts\/13785"}],"collection":[{"href":"https:\/\/gobernacionaltaverapaz.gob.gt\/index.php?rest_route=\/wp\/v2\/posts"}],"about":[{"href":"https:\/\/gobernacionaltaverapaz.gob.gt\/index.php?rest_route=\/wp\/v2\/types\/post"}],"author":[{"embeddable":true,"href":"https:\/\/gobernacionaltaverapaz.gob.gt\/index.php?rest_route=\/wp\/v2\/users\/1"}],"replies":[{"embeddable":true,"href":"https:\/\/gobernacionaltaverapaz.gob.gt\/index.php?rest_route=%2Fwp%2Fv2%2Fcomments&post=13785"}],"version-history":[{"count":1,"href":"https:\/\/gobernacionaltaverapaz.gob.gt\/index.php?rest_route=\/wp\/v2\/posts\/13785\/revisions"}],"predecessor-version":[{"id":13786,"href":"https:\/\/gobernacionaltaverapaz.gob.gt\/index.php?rest_route=\/wp\/v2\/posts\/13785\/revisions\/13786"}],"wp:featuredmedia":[{"embeddable":true,"href":"https:\/\/gobernacionaltaverapaz.gob.gt\/index.php?rest_route=\/wp\/v2\/media\/13781"}],"wp:attachment":[{"href":"https:\/\/gobernacionaltaverapaz.gob.gt\/index.php?rest_route=%2Fwp%2Fv2%2Fmedia&parent=13785"}],"wp:term":[{"taxonomy":"category","embeddable":true,"href":"https:\/\/gobernacionaltaverapaz.gob.gt\/index.php?rest_route=%2Fwp%2Fv2%2Fcategories&post=13785"},{"taxonomy":"post_tag","embeddable":true,"href":"https:\/\/gobernacionaltaverapaz.gob.gt\/index.php?rest_route=%2Fwp%2Fv2%2Ftags&post=13785"}],"curies":[{"name":"wp","href":"https:\/\/api.w.org\/{rel}","templated":true}]}}