{"id":13805,"date":"2022-10-25T14:19:33","date_gmt":"2022-10-25T20:19:33","guid":{"rendered":"https:\/\/gobernacionaltaverapaz.gob.gt\/?p=13805"},"modified":"2022-11-09T12:26:59","modified_gmt":"2022-11-09T18:26:59","slug":"cumplimiento-la-convocatoria-girada-por-el-ministerio-de-gobernacin","status":"publish","type":"post","link":"https:\/\/gobernacionaltaverapaz.gob.gt\/?p=13805","title":{"rendered":"Cumplimiento a la Convocatoria girada por el Ministerio de Gobernaci\u00f3n"},"content":{"rendered":"<div dir=\"auto\" style=\"text-align: justify;\">En cumplimiento a la Convocatoria girada por el Ministerio de Gobernaci\u00f3n, para la elecci\u00f3n de titular y suplente de las Organizaciones no Gubernamentales <a class=\"x1i10hfl xjbqb8w x6umtig x1b1mbwd xaqea5y xav7gou x9f619 x1ypdohk xt0psk2 xe8uvvx xdj266r x11i5rnm xat24cr x1mh8g0r xexx8yu x4uap5 x18d9i69 xkhd6sd x16tdsg8 x1hl2dhg xggy1nq x1a2a7pz xt0b8zv x1qq9wsj xo1l8bm\" tabindex=\"0\" role=\"link\" href=\"https:\/\/www.facebook.com\/hashtag\/ong?__eep__=6&amp;__cft__[0]=AZVcNaFi0hoawp5kc3o8xaAe-imzdztHRAv9CmrdtV3O35eCn1I7-GMiZzeUtgaWoZIK3Zw3euXj_DsMQ_qS7-1BzgGS6EW0nMa1fSfAM_li4LIlGa2mgwNs3vsWccjif4fT8FK2Nc_uwx_N978-IPArxnZN-lHx74lwI71KkvDU7RVDRQOaCI9UmPuj0wdnSYQ&amp;__tn__=*NK-R\">#ONG<\/a>\u00b4s, ante el Consejo Departamental de Desarrollo <a class=\"x1i10hfl xjbqb8w x6umtig x1b1mbwd xaqea5y xav7gou x9f619 x1ypdohk xt0psk2 xe8uvvx xdj266r x11i5rnm xat24cr x1mh8g0r xexx8yu x4uap5 x18d9i69 xkhd6sd x16tdsg8 x1hl2dhg xggy1nq x1a2a7pz xt0b8zv x1qq9wsj xo1l8bm\" tabindex=\"0\" role=\"link\" href=\"https:\/\/www.facebook.com\/codede.av.7?__cft__[0]=AZVcNaFi0hoawp5kc3o8xaAe-imzdztHRAv9CmrdtV3O35eCn1I7-GMiZzeUtgaWoZIK3Zw3euXj_DsMQ_qS7-1BzgGS6EW0nMa1fSfAM_li4LIlGa2mgwNs3vsWccjif4fT8FK2Nc_uwx_N978-IPArxnZN-lHx74lwI71KkvDU7RVDRQOaCI9UmPuj0wdnSYQ&amp;__tn__=-]K-R\"><span class=\"xt0psk2\">Codede AV<\/span><\/a>-. El Dr. Fernando Rodr\u00edguez Klarck, Gobernador Departamental en compa\u00f1\u00eda de la Lcda. Aura Francisca Gonzales, representante jur\u00eddica del Ministerio de Gobernaci\u00f3n, llevaron a cabo la elecci\u00f3n de Representante Titular y Suplente de Organizaciones No Gubernamentales -ONG&#8217;s ante el Concejo departamental de Desarrollo de Alta Verapaz, quedando electos:<\/div>\n<div dir=\"auto\" style=\"text-align: justify;\">Josu\u00e9 David Pacay de la Organizaci\u00f3n @Nosotros los Pobres, electo como Representante Titular y Guillermo Fern\u00e1ndez de la organizaci\u00f3n DIVERSA como Representante Suplente.<\/div>\n<div dir=\"auto\"><\/div>\n<div dir=\"auto\"><\/div>\n<div dir=\"auto\"><\/div>\n<div dir=\"auto\">\n<div><\/div>\n<\/div>\n<p>&nbsp;<\/p>\n","protected":false},"excerpt":{"rendered":"<p>En cumplimiento a la Convocatoria girada por el Ministerio de Gobernaci\u00f3n, para la elecci\u00f3n de titular y suplente de las Organizaciones no Gubernamentales #ONG\u00b4s, ante el Consejo Departamental de Desarrollo Codede AV-. El Dr. Fernando Rodr\u00edguez Klarck, Gobernador Departamental en compa\u00f1\u00eda de la Lcda. Aura Francisca Gonzales, representante jur\u00eddica del Ministerio de Gobernaci\u00f3n, llevaron a [&hellip;]<\/p>\n","protected":false},"author":1,"featured_media":13801,"comment_status":"closed","ping_status":"open","sticky":false,"template":"","format":"gallery","meta":[],"categories":[194],"tags":[178],"_links":{"self":[{"href":"https:\/\/gobernacionaltaverapaz.gob.gt\/index.php?rest_route=\/wp\/v2\/posts\/13805"}],"collection":[{"href":"https:\/\/gobernacionaltaverapaz.gob.gt\/index.php?rest_route=\/wp\/v2\/posts"}],"about":[{"href":"https:\/\/gobernacionaltaverapaz.gob.gt\/index.php?rest_route=\/wp\/v2\/types\/post"}],"author":[{"embeddable":true,"href":"https:\/\/gobernacionaltaverapaz.gob.gt\/index.php?rest_route=\/wp\/v2\/users\/1"}],"replies":[{"embeddable":true,"href":"https:\/\/gobernacionaltaverapaz.gob.gt\/index.php?rest_route=%2Fwp%2Fv2%2Fcomments&post=13805"}],"version-history":[{"count":1,"href":"https:\/\/gobernacionaltaverapaz.gob.gt\/index.php?rest_route=\/wp\/v2\/posts\/13805\/revisions"}],"predecessor-version":[{"id":13806,"href":"https:\/\/gobernacionaltaverapaz.gob.gt\/index.php?rest_route=\/wp\/v2\/posts\/13805\/revisions\/13806"}],"wp:featuredmedia":[{"embeddable":true,"href":"https:\/\/gobernacionaltaverapaz.gob.gt\/index.php?rest_route=\/wp\/v2\/media\/13801"}],"wp:attachment":[{"href":"https:\/\/gobernacionaltaverapaz.gob.gt\/index.php?rest_route=%2Fwp%2Fv2%2Fmedia&parent=13805"}],"wp:term":[{"taxonomy":"category","embeddable":true,"href":"https:\/\/gobernacionaltaverapaz.gob.gt\/index.php?rest_route=%2Fwp%2Fv2%2Fcategories&post=13805"},{"taxonomy":"post_tag","embeddable":true,"href":"https:\/\/gobernacionaltaverapaz.gob.gt\/index.php?rest_route=%2Fwp%2Fv2%2Ftags&post=13805"}],"curies":[{"name":"wp","href":"https:\/\/api.w.org\/{rel}","templated":true}]}}