{"id":13820,"date":"2022-10-26T14:13:52","date_gmt":"2022-10-26T20:13:52","guid":{"rendered":"https:\/\/gobernacionaltaverapaz.gob.gt\/?p=13820"},"modified":"2022-11-09T14:35:40","modified_gmt":"2022-11-09T20:35:40","slug":"reunin-con-integrantes-de-codred","status":"publish","type":"post","link":"https:\/\/gobernacionaltaverapaz.gob.gt\/?p=13820","title":{"rendered":"Reuni\u00f3n con integrantes de CODRED"},"content":{"rendered":"<p style=\"text-align: justify;\"><span class=\"x193iq5w xeuugli x13faqbe x1vvkbs x1xmvt09 x1lliihq x1s928wv xhkezso x1gmr53x x1cpjm7i x1fgarty x1943h6x xudqn12 x3x7a5m x6prxxf xvq8zen xo1l8bm xzsf02u x1yc453h\" dir=\"auto\">En seguimiento a la gesti\u00f3n realizada por el Dr. Fernando Rodr\u00edguez Klarck, Gobernador Departamental ante el Programa Mundial de Alimentos, el d\u00eda de hoy en el sal\u00f3n de las Am\u00e9ricas del Palacio de Gobernaci\u00f3n, se llev\u00f3 a cabo reuni\u00f3n con integrantes de la Coordinadora Departamental para la Reducci\u00f3n de Desastres \u2013CODRED-, con la finalidad de priorizar a los municipios del departamento m\u00e1s afectados por la pasada tormenta tropical Julia y de esta manera seguir apoyando a las familias vulneradas por el fen\u00f3meno natural.<\/span><\/p>\n<p>&nbsp;<\/p>\n<div><\/div>\n","protected":false},"excerpt":{"rendered":"<p>En seguimiento a la gesti\u00f3n realizada por el Dr. Fernando Rodr\u00edguez Klarck, Gobernador Departamental ante el Programa Mundial de Alimentos, el d\u00eda de hoy en el sal\u00f3n de las Am\u00e9ricas del Palacio de Gobernaci\u00f3n, se llev\u00f3 a cabo reuni\u00f3n con integrantes de la Coordinadora Departamental para la Reducci\u00f3n de Desastres \u2013CODRED-, con la finalidad de [&hellip;]<\/p>\n","protected":false},"author":1,"featured_media":13816,"comment_status":"closed","ping_status":"open","sticky":false,"template":"","format":"gallery","meta":[],"categories":[197],"tags":[178],"_links":{"self":[{"href":"https:\/\/gobernacionaltaverapaz.gob.gt\/index.php?rest_route=\/wp\/v2\/posts\/13820"}],"collection":[{"href":"https:\/\/gobernacionaltaverapaz.gob.gt\/index.php?rest_route=\/wp\/v2\/posts"}],"about":[{"href":"https:\/\/gobernacionaltaverapaz.gob.gt\/index.php?rest_route=\/wp\/v2\/types\/post"}],"author":[{"embeddable":true,"href":"https:\/\/gobernacionaltaverapaz.gob.gt\/index.php?rest_route=\/wp\/v2\/users\/1"}],"replies":[{"embeddable":true,"href":"https:\/\/gobernacionaltaverapaz.gob.gt\/index.php?rest_route=%2Fwp%2Fv2%2Fcomments&post=13820"}],"version-history":[{"count":1,"href":"https:\/\/gobernacionaltaverapaz.gob.gt\/index.php?rest_route=\/wp\/v2\/posts\/13820\/revisions"}],"predecessor-version":[{"id":13821,"href":"https:\/\/gobernacionaltaverapaz.gob.gt\/index.php?rest_route=\/wp\/v2\/posts\/13820\/revisions\/13821"}],"wp:featuredmedia":[{"embeddable":true,"href":"https:\/\/gobernacionaltaverapaz.gob.gt\/index.php?rest_route=\/wp\/v2\/media\/13816"}],"wp:attachment":[{"href":"https:\/\/gobernacionaltaverapaz.gob.gt\/index.php?rest_route=%2Fwp%2Fv2%2Fmedia&parent=13820"}],"wp:term":[{"taxonomy":"category","embeddable":true,"href":"https:\/\/gobernacionaltaverapaz.gob.gt\/index.php?rest_route=%2Fwp%2Fv2%2Fcategories&post=13820"},{"taxonomy":"post_tag","embeddable":true,"href":"https:\/\/gobernacionaltaverapaz.gob.gt\/index.php?rest_route=%2Fwp%2Fv2%2Ftags&post=13820"}],"curies":[{"name":"wp","href":"https:\/\/api.w.org\/{rel}","templated":true}]}}