{"id":13822,"date":"2022-10-26T16:15:56","date_gmt":"2022-10-26T22:15:56","guid":{"rendered":"https:\/\/gobernacionaltaverapaz.gob.gt\/?p=13822"},"modified":"2022-11-09T15:03:55","modified_gmt":"2022-11-09T21:03:55","slug":"reunin-con-personal-de-la-procuradura-de-los-derechos-humanos","status":"publish","type":"post","link":"https:\/\/gobernacionaltaverapaz.gob.gt\/?p=13822","title":{"rendered":"Reuni\u00f3n con personal de la Procuradur\u00eda de los Derechos Humanos"},"content":{"rendered":"<p style=\"text-align: justify;\"><span class=\"x193iq5w xeuugli x13faqbe x1vvkbs x1xmvt09 x1lliihq x1s928wv xhkezso x1gmr53x x1cpjm7i x1fgarty x1943h6x xudqn12 x3x7a5m x6prxxf xvq8zen xo1l8bm xzsf02u x1yc453h\" dir=\"auto\">Con el fin de promover, proteger y hacer cumplir los derechos humanos de todos los migrantes, en cualquiera que sea su condici\u00f3n, El Dr. Fernando Rodr\u00edguez Klarck, Gobernador de <a class=\"x1i10hfl xjbqb8w x6umtig x1b1mbwd xaqea5y xav7gou x9f619 x1ypdohk xt0psk2 xe8uvvx xdj266r x11i5rnm xat24cr x1mh8g0r xexx8yu x4uap5 x18d9i69 xkhd6sd x16tdsg8 x1hl2dhg xggy1nq x1a2a7pz xt0b8zv x1qq9wsj xo1l8bm\" tabindex=\"0\" role=\"link\" href=\"https:\/\/www.facebook.com\/hashtag\/altaverapaz?__eep__=6&amp;__cft__[0]=AZVo_OjgKn3swx7SGgFaa2TlOdoyuYQuCwlkkyp2LuhXV5qPrxHkBTofklchv4SW_jsNOePgMKipY6efOhyS5fNM7wsnKLTZFoUm_TccoqvbaA_A1q-wMBv7l5p-hzWI972lSgk_ELGRDJhd_JMv2rUWqnyyopN_8TBmPen0vvlQfgKkrHhvNn_r-ULkcLZLrN0&amp;__tn__=*NK-R\">#AltaVerapaz<\/a>, sostuvo reuni\u00f3n con personal de la Procuradur\u00eda de los Derechos Humanos <a class=\"x1i10hfl xjbqb8w x6umtig x1b1mbwd xaqea5y xav7gou x9f619 x1ypdohk xt0psk2 xe8uvvx xdj266r x11i5rnm xat24cr x1mh8g0r xexx8yu x4uap5 x18d9i69 xkhd6sd x16tdsg8 x1hl2dhg xggy1nq x1a2a7pz xt0b8zv x1qq9wsj xo1l8bm\" tabindex=\"0\" role=\"link\" href=\"https:\/\/www.facebook.com\/hashtag\/pdhguatemala?__eep__=6&amp;__cft__[0]=AZVo_OjgKn3swx7SGgFaa2TlOdoyuYQuCwlkkyp2LuhXV5qPrxHkBTofklchv4SW_jsNOePgMKipY6efOhyS5fNM7wsnKLTZFoUm_TccoqvbaA_A1q-wMBv7l5p-hzWI972lSgk_ELGRDJhd_JMv2rUWqnyyopN_8TBmPen0vvlQfgKkrHhvNn_r-ULkcLZLrN0&amp;__tn__=*NK-R\">#PDHGUATEMALA<\/a>, <a class=\"x1i10hfl xjbqb8w x6umtig x1b1mbwd xaqea5y xav7gou x9f619 x1ypdohk xt0psk2 xe8uvvx xdj266r x11i5rnm xat24cr x1mh8g0r xexx8yu x4uap5 x18d9i69 xkhd6sd x16tdsg8 x1hl2dhg xggy1nq x1a2a7pz xt0b8zv x1qq9wsj xo1l8bm\" tabindex=\"0\" role=\"link\" href=\"https:\/\/www.facebook.com\/sosepguatemala?__cft__[0]=AZVo_OjgKn3swx7SGgFaa2TlOdoyuYQuCwlkkyp2LuhXV5qPrxHkBTofklchv4SW_jsNOePgMKipY6efOhyS5fNM7wsnKLTZFoUm_TccoqvbaA_A1q-wMBv7l5p-hzWI972lSgk_ELGRDJhd_JMv2rUWqnyyopN_8TBmPen0vvlQfgKkrHhvNn_r-ULkcLZLrN0&amp;__tn__=-]K-R\"><span class=\"xt0psk2\">Secretar\u00eda de Obras Sociales de la Esposa del Presidente<\/span><\/a>, <a class=\"x1i10hfl xjbqb8w x6umtig x1b1mbwd xaqea5y xav7gou x9f619 x1ypdohk xt0psk2 xe8uvvx xdj266r x11i5rnm xat24cr x1mh8g0r xexx8yu x4uap5 x18d9i69 xkhd6sd x16tdsg8 x1hl2dhg xggy1nq x1a2a7pz xt0b8zv x1qq9wsj xo1l8bm\" tabindex=\"0\" role=\"link\" href=\"https:\/\/www.facebook.com\/conamigua1?__cft__[0]=AZVo_OjgKn3swx7SGgFaa2TlOdoyuYQuCwlkkyp2LuhXV5qPrxHkBTofklchv4SW_jsNOePgMKipY6efOhyS5fNM7wsnKLTZFoUm_TccoqvbaA_A1q-wMBv7l5p-hzWI972lSgk_ELGRDJhd_JMv2rUWqnyyopN_8TBmPen0vvlQfgKkrHhvNn_r-ULkcLZLrN0&amp;__tn__=-]K-R\"><span class=\"xt0psk2\">Conamigua Guatemala<\/span><\/a>, y <a class=\"x1i10hfl xjbqb8w x6umtig x1b1mbwd xaqea5y xav7gou x9f619 x1ypdohk xt0psk2 xe8uvvx xdj266r x11i5rnm xat24cr x1mh8g0r xexx8yu x4uap5 x18d9i69 xkhd6sd x16tdsg8 x1hl2dhg xggy1nq x1a2a7pz xt0b8zv x1qq9wsj xo1l8bm\" tabindex=\"0\" role=\"link\" href=\"https:\/\/www.facebook.com\/somossbs?__cft__[0]=AZVo_OjgKn3swx7SGgFaa2TlOdoyuYQuCwlkkyp2LuhXV5qPrxHkBTofklchv4SW_jsNOePgMKipY6efOhyS5fNM7wsnKLTZFoUm_TccoqvbaA_A1q-wMBv7l5p-hzWI972lSgk_ELGRDJhd_JMv2rUWqnyyopN_8TBmPen0vvlQfgKkrHhvNn_r-ULkcLZLrN0&amp;__tn__=-]K-R\"><span class=\"xt0psk2\">Secretar\u00eda de Bienestar Social de la Presidencia<\/span><\/a>, enfocados en la atenci\u00f3n especial a los migrantes que se encuentran en situaci\u00f3n de vulnerabilidad y corren mayor riesgo de padecer violaciones de derechos humanos.<\/span><\/p>\n<p>&nbsp;<\/p>\n<div>\n<div><\/div>\n<\/div>\n<div><\/div>\n","protected":false},"excerpt":{"rendered":"<p>Con el fin de promover, proteger y hacer cumplir los derechos humanos de todos los migrantes, en cualquiera que sea su condici\u00f3n, El Dr. Fernando Rodr\u00edguez Klarck, Gobernador de #AltaVerapaz, sostuvo reuni\u00f3n con personal de la Procuradur\u00eda de los Derechos Humanos #PDHGUATEMALA, Secretar\u00eda de Obras Sociales de la Esposa del Presidente, Conamigua Guatemala, y Secretar\u00eda [&hellip;]<\/p>\n","protected":false},"author":1,"featured_media":13824,"comment_status":"closed","ping_status":"open","sticky":false,"template":"","format":"gallery","meta":[],"categories":[194],"tags":[178],"_links":{"self":[{"href":"https:\/\/gobernacionaltaverapaz.gob.gt\/index.php?rest_route=\/wp\/v2\/posts\/13822"}],"collection":[{"href":"https:\/\/gobernacionaltaverapaz.gob.gt\/index.php?rest_route=\/wp\/v2\/posts"}],"about":[{"href":"https:\/\/gobernacionaltaverapaz.gob.gt\/index.php?rest_route=\/wp\/v2\/types\/post"}],"author":[{"embeddable":true,"href":"https:\/\/gobernacionaltaverapaz.gob.gt\/index.php?rest_route=\/wp\/v2\/users\/1"}],"replies":[{"embeddable":true,"href":"https:\/\/gobernacionaltaverapaz.gob.gt\/index.php?rest_route=%2Fwp%2Fv2%2Fcomments&post=13822"}],"version-history":[{"count":3,"href":"https:\/\/gobernacionaltaverapaz.gob.gt\/index.php?rest_route=\/wp\/v2\/posts\/13822\/revisions"}],"predecessor-version":[{"id":13830,"href":"https:\/\/gobernacionaltaverapaz.gob.gt\/index.php?rest_route=\/wp\/v2\/posts\/13822\/revisions\/13830"}],"wp:featuredmedia":[{"embeddable":true,"href":"https:\/\/gobernacionaltaverapaz.gob.gt\/index.php?rest_route=\/wp\/v2\/media\/13824"}],"wp:attachment":[{"href":"https:\/\/gobernacionaltaverapaz.gob.gt\/index.php?rest_route=%2Fwp%2Fv2%2Fmedia&parent=13822"}],"wp:term":[{"taxonomy":"category","embeddable":true,"href":"https:\/\/gobernacionaltaverapaz.gob.gt\/index.php?rest_route=%2Fwp%2Fv2%2Fcategories&post=13822"},{"taxonomy":"post_tag","embeddable":true,"href":"https:\/\/gobernacionaltaverapaz.gob.gt\/index.php?rest_route=%2Fwp%2Fv2%2Ftags&post=13822"}],"curies":[{"name":"wp","href":"https:\/\/api.w.org\/{rel}","templated":true}]}}