{"id":13841,"date":"2022-11-01T11:48:28","date_gmt":"2022-11-01T17:48:28","guid":{"rendered":"https:\/\/gobernacionaltaverapaz.gob.gt\/?p=13841"},"modified":"2022-11-09T15:19:25","modified_gmt":"2022-11-09T21:19:25","slug":"reunin-con-integrantes-de-codred-2","status":"publish","type":"post","link":"https:\/\/gobernacionaltaverapaz.gob.gt\/?p=13841","title":{"rendered":"Reuni\u00f3n con integrantes de CODRED"},"content":{"rendered":"<p style=\"text-align: justify;\"><span class=\"x193iq5w xeuugli x13faqbe x1vvkbs x1xmvt09 x1lliihq x1s928wv xhkezso x1gmr53x x1cpjm7i x1fgarty x1943h6x xudqn12 x3x7a5m x6prxxf xvq8zen xo1l8bm xzsf02u x1yc453h\" dir=\"auto\">En cumplimiento a las instrucciones del Sr. Presidente Constitucional de la Rep\u00fablica de Guatemala <a class=\"x1i10hfl xjbqb8w x6umtig x1b1mbwd xaqea5y xav7gou x9f619 x1ypdohk xt0psk2 xe8uvvx xdj266r x11i5rnm xat24cr x1mh8g0r xexx8yu x4uap5 x18d9i69 xkhd6sd x16tdsg8 x1hl2dhg xggy1nq x1a2a7pz xt0b8zv x1qq9wsj xo1l8bm\" tabindex=\"0\" role=\"link\" href=\"https:\/\/www.facebook.com\/AlejandroGiammattei?__cft__[0]=AZVW1YszRykgnbKiLsQQpaB9a3cX_jjBMoIjLQIoxfVDUlKxIRmsL-j-0ZtiIvNgFackOdJyl6xQ3KRI0zUsJFE4nXYo-2pyH7PMRvfaUM25PtbSbzt8K4Dax_T5BkeIbcYboh6SxEU4tyXudcWgghvW6jvW6itlKXMEs_EpFsj9pppYo1H3eYG9-i6QPsXKShs&amp;__tn__=-]K-R\"><span class=\"xt0psk2\">Alejandro Giammattei<\/span><\/a>, Ante la posible afectaci\u00f3n al Territorio Nacional por el potencial Cicl\u00f3n Tropical <a class=\"x1i10hfl xjbqb8w x6umtig x1b1mbwd xaqea5y xav7gou x9f619 x1ypdohk xt0psk2 xe8uvvx xdj266r x11i5rnm xat24cr x1mh8g0r xexx8yu x4uap5 x18d9i69 xkhd6sd x16tdsg8 x1hl2dhg xggy1nq x1a2a7pz xt0b8zv x1qq9wsj xo1l8bm\" tabindex=\"0\" role=\"link\" href=\"https:\/\/www.facebook.com\/hashtag\/lisa?__eep__=6&amp;__cft__[0]=AZVW1YszRykgnbKiLsQQpaB9a3cX_jjBMoIjLQIoxfVDUlKxIRmsL-j-0ZtiIvNgFackOdJyl6xQ3KRI0zUsJFE4nXYo-2pyH7PMRvfaUM25PtbSbzt8K4Dax_T5BkeIbcYboh6SxEU4tyXudcWgghvW6jvW6itlKXMEs_EpFsj9pppYo1H3eYG9-i6QPsXKShs&amp;__tn__=*NK-R\">#Lisa<\/a>, el Dr. Fernando Rodr\u00edguez Klarck, Gobernador de <a class=\"x1i10hfl xjbqb8w x6umtig x1b1mbwd xaqea5y xav7gou x9f619 x1ypdohk xt0psk2 xe8uvvx xdj266r x11i5rnm xat24cr x1mh8g0r xexx8yu x4uap5 x18d9i69 xkhd6sd x16tdsg8 x1hl2dhg xggy1nq x1a2a7pz xt0b8zv x1qq9wsj xo1l8bm\" tabindex=\"0\" role=\"link\" href=\"https:\/\/www.facebook.com\/hashtag\/altaverpaz?__eep__=6&amp;__cft__[0]=AZVW1YszRykgnbKiLsQQpaB9a3cX_jjBMoIjLQIoxfVDUlKxIRmsL-j-0ZtiIvNgFackOdJyl6xQ3KRI0zUsJFE4nXYo-2pyH7PMRvfaUM25PtbSbzt8K4Dax_T5BkeIbcYboh6SxEU4tyXudcWgghvW6jvW6itlKXMEs_EpFsj9pppYo1H3eYG9-i6QPsXKShs&amp;__tn__=*NK-R\">#Altaverpaz<\/a> y Director de la CODRED, convoc\u00f3 a integrantes del Centro de Operaciones de Emergencia Departamental, con la finalidad de establecer acciones interinstitucionales encaminadas a la acci\u00f3n preventiva, esto en coordinaci\u00f3n con los Centros de Operaciones Municipales y Nacionales.<\/span><\/p>\n<p>&nbsp;<\/p>\n<div><\/div>\n","protected":false},"excerpt":{"rendered":"<p>En cumplimiento a las instrucciones del Sr. Presidente Constitucional de la Rep\u00fablica de Guatemala Alejandro Giammattei, Ante la posible afectaci\u00f3n al Territorio Nacional por el potencial Cicl\u00f3n Tropical #Lisa, el Dr. Fernando Rodr\u00edguez Klarck, Gobernador de #Altaverpaz y Director de la CODRED, convoc\u00f3 a integrantes del Centro de Operaciones de Emergencia Departamental, con la finalidad [&hellip;]<\/p>\n","protected":false},"author":1,"featured_media":13836,"comment_status":"closed","ping_status":"open","sticky":false,"template":"","format":"gallery","meta":[],"categories":[194],"tags":[178],"_links":{"self":[{"href":"https:\/\/gobernacionaltaverapaz.gob.gt\/index.php?rest_route=\/wp\/v2\/posts\/13841"}],"collection":[{"href":"https:\/\/gobernacionaltaverapaz.gob.gt\/index.php?rest_route=\/wp\/v2\/posts"}],"about":[{"href":"https:\/\/gobernacionaltaverapaz.gob.gt\/index.php?rest_route=\/wp\/v2\/types\/post"}],"author":[{"embeddable":true,"href":"https:\/\/gobernacionaltaverapaz.gob.gt\/index.php?rest_route=\/wp\/v2\/users\/1"}],"replies":[{"embeddable":true,"href":"https:\/\/gobernacionaltaverapaz.gob.gt\/index.php?rest_route=%2Fwp%2Fv2%2Fcomments&post=13841"}],"version-history":[{"count":1,"href":"https:\/\/gobernacionaltaverapaz.gob.gt\/index.php?rest_route=\/wp\/v2\/posts\/13841\/revisions"}],"predecessor-version":[{"id":13842,"href":"https:\/\/gobernacionaltaverapaz.gob.gt\/index.php?rest_route=\/wp\/v2\/posts\/13841\/revisions\/13842"}],"wp:featuredmedia":[{"embeddable":true,"href":"https:\/\/gobernacionaltaverapaz.gob.gt\/index.php?rest_route=\/wp\/v2\/media\/13836"}],"wp:attachment":[{"href":"https:\/\/gobernacionaltaverapaz.gob.gt\/index.php?rest_route=%2Fwp%2Fv2%2Fmedia&parent=13841"}],"wp:term":[{"taxonomy":"category","embeddable":true,"href":"https:\/\/gobernacionaltaverapaz.gob.gt\/index.php?rest_route=%2Fwp%2Fv2%2Fcategories&post=13841"},{"taxonomy":"post_tag","embeddable":true,"href":"https:\/\/gobernacionaltaverapaz.gob.gt\/index.php?rest_route=%2Fwp%2Fv2%2Ftags&post=13841"}],"curies":[{"name":"wp","href":"https:\/\/api.w.org\/{rel}","templated":true}]}}