{"id":13853,"date":"2022-11-02T15:03:46","date_gmt":"2022-11-02T21:03:46","guid":{"rendered":"https:\/\/gobernacionaltaverapaz.gob.gt\/?p=13853"},"modified":"2022-11-09T15:49:08","modified_gmt":"2022-11-09T21:49:08","slug":"13853","status":"publish","type":"post","link":"https:\/\/gobernacionaltaverapaz.gob.gt\/?p=13853","title":{"rendered":"Sesi\u00f3n Ordinaria del CODEDE"},"content":{"rendered":"<div class=\"x11i5rnm xat24cr x1mh8g0r x1vvkbs xdj266r x126k92a\">\n<div dir=\"auto\" style=\"text-align: justify;\">El Dr. Fernando Rodr\u00edguez Klarck, Gobernador de Alta Verapaz, presidi\u00f3 sesi\u00f3n Ordinaria del <a class=\"x1i10hfl xjbqb8w x6umtig x1b1mbwd xaqea5y xav7gou x9f619 x1ypdohk xt0psk2 xe8uvvx xdj266r x11i5rnm xat24cr x1mh8g0r xexx8yu x4uap5 x18d9i69 xkhd6sd x16tdsg8 x1hl2dhg xggy1nq x1a2a7pz xt0b8zv x1qq9wsj xo1l8bm\" tabindex=\"0\" role=\"link\" href=\"https:\/\/www.facebook.com\/codede.av.7?__cft__[0]=AZX_NF_SaHhL6J3CuQuuF_1KuF_TdZjxoVhh0CxyMdNeE3jxXoCoeYf8fpbpwLU1J1ecSE-DpfT9OLLdIyPHnhMqkKiossHyRZKpHnjVEIGcuUDHR_THtG86XdyUW0D1u5OSx4YFEjlKJcZQxUEiR-aGgEUBAsj5rwiGZOmLTzpTNoUTDONCzflUd3VbADbTBuU&amp;__tn__=-]K-R\"><span class=\"xt0psk2\">Codede AV<\/span><\/a>, en compa\u00f1\u00eda de la Lcda. Romelia cal, secretaria de este consejo, Lcda. \u00c1ngela Alvarado Ten\u00ed, Directora Ejecutiva del Consejo Departamental de Desarrollo, alcaldes municipales e Instituciones gubernamentales y no gubernamentales.<\/div>\n<div dir=\"auto\" style=\"text-align: justify;\">Con la finalidad de:<\/div>\n<div dir=\"auto\" style=\"text-align: justify;\">\u00a0Socializar el Informe de Avances F\u00edsicos y Financieros de Proyectos 2022 IVA PAZ.<\/div>\n<\/div>\n<div class=\"x11i5rnm xat24cr x1mh8g0r x1vvkbs xtlvy1s x126k92a\">\n<div dir=\"auto\" style=\"text-align: justify;\">Exponer el Informe de Proyectos 2023, resaltando que de noventa y cuatro proyectos programados para el ejercicio fiscal 2023, diez han sido aprobados, once se encuentran en revisi\u00f3n y a diecis\u00e9is se le est\u00e1n atendiendo observaciones.<\/div>\n<div dir=\"auto\"><\/div>\n<\/div>\n<div class=\"x11i5rnm xat24cr x1mh8g0r x1vvkbs xtlvy1s x126k92a\">\n<div dir=\"auto\">Socializar el Informe de condiciones clim\u00e1ticas en Alta Verapaz.<\/div>\n<\/div>\n<div dir=\"auto\"><\/div>\n<div dir=\"auto\"><\/div>\n<div dir=\"auto\"><\/div>\n<div dir=\"auto\"><\/div>\n<div dir=\"auto\">\n<div><\/div>\n<\/div>\n<div dir=\"auto\"><\/div>\n<div dir=\"auto\"><\/div>\n<div dir=\"auto\"><\/div>\n<div dir=\"auto\"><\/div>\n<div dir=\"auto\"><\/div>\n<p>&nbsp;<\/p>\n","protected":false},"excerpt":{"rendered":"<p>El Dr. Fernando Rodr\u00edguez Klarck, Gobernador de Alta Verapaz, presidi\u00f3 sesi\u00f3n Ordinaria del Codede AV, en compa\u00f1\u00eda de la Lcda. Romelia cal, secretaria de este consejo, Lcda. \u00c1ngela Alvarado Ten\u00ed, Directora Ejecutiva del Consejo Departamental de Desarrollo, alcaldes municipales e Instituciones gubernamentales y no gubernamentales. Con la finalidad de: \u00a0Socializar el Informe de Avances F\u00edsicos [&hellip;]<\/p>\n","protected":false},"author":1,"featured_media":13849,"comment_status":"closed","ping_status":"open","sticky":false,"template":"","format":"gallery","meta":[],"categories":[194],"tags":[178],"_links":{"self":[{"href":"https:\/\/gobernacionaltaverapaz.gob.gt\/index.php?rest_route=\/wp\/v2\/posts\/13853"}],"collection":[{"href":"https:\/\/gobernacionaltaverapaz.gob.gt\/index.php?rest_route=\/wp\/v2\/posts"}],"about":[{"href":"https:\/\/gobernacionaltaverapaz.gob.gt\/index.php?rest_route=\/wp\/v2\/types\/post"}],"author":[{"embeddable":true,"href":"https:\/\/gobernacionaltaverapaz.gob.gt\/index.php?rest_route=\/wp\/v2\/users\/1"}],"replies":[{"embeddable":true,"href":"https:\/\/gobernacionaltaverapaz.gob.gt\/index.php?rest_route=%2Fwp%2Fv2%2Fcomments&post=13853"}],"version-history":[{"count":4,"href":"https:\/\/gobernacionaltaverapaz.gob.gt\/index.php?rest_route=\/wp\/v2\/posts\/13853\/revisions"}],"predecessor-version":[{"id":13857,"href":"https:\/\/gobernacionaltaverapaz.gob.gt\/index.php?rest_route=\/wp\/v2\/posts\/13853\/revisions\/13857"}],"wp:featuredmedia":[{"embeddable":true,"href":"https:\/\/gobernacionaltaverapaz.gob.gt\/index.php?rest_route=\/wp\/v2\/media\/13849"}],"wp:attachment":[{"href":"https:\/\/gobernacionaltaverapaz.gob.gt\/index.php?rest_route=%2Fwp%2Fv2%2Fmedia&parent=13853"}],"wp:term":[{"taxonomy":"category","embeddable":true,"href":"https:\/\/gobernacionaltaverapaz.gob.gt\/index.php?rest_route=%2Fwp%2Fv2%2Fcategories&post=13853"},{"taxonomy":"post_tag","embeddable":true,"href":"https:\/\/gobernacionaltaverapaz.gob.gt\/index.php?rest_route=%2Fwp%2Fv2%2Ftags&post=13853"}],"curies":[{"name":"wp","href":"https:\/\/api.w.org\/{rel}","templated":true}]}}