{"id":13866,"date":"2022-11-02T18:31:46","date_gmt":"2022-11-03T00:31:46","guid":{"rendered":"https:\/\/gobernacionaltaverapaz.gob.gt\/?p=13866"},"modified":"2022-11-10T12:15:21","modified_gmt":"2022-11-10T18:15:21","slug":"reunin-con-delegados-de-conred-3","status":"publish","type":"post","link":"https:\/\/gobernacionaltaverapaz.gob.gt\/?p=13866","title":{"rendered":"Reuni\u00f3n con Delegados de CONRED"},"content":{"rendered":"<div class=\"x11i5rnm xat24cr x1mh8g0r x1vvkbs xdj266r x126k92a\">\n<div dir=\"auto\" style=\"text-align: justify;\">En seguimiento a las instrucciones del Sr. Presidente Constitucional de la Rep\u00fablica de Guatemala Dr. <a class=\"x1i10hfl xjbqb8w x6umtig x1b1mbwd xaqea5y xav7gou x9f619 x1ypdohk xt0psk2 xe8uvvx xdj266r x11i5rnm xat24cr x1mh8g0r xexx8yu x4uap5 x18d9i69 xkhd6sd x16tdsg8 x1hl2dhg xggy1nq x1a2a7pz xt0b8zv x1qq9wsj xo1l8bm\" tabindex=\"0\" role=\"link\" href=\"https:\/\/www.facebook.com\/AlejandroGiammattei?__cft__[0]=AZVLGaqHt3LTXzYbx-VtLLP3KFa4GkXfuuzmNSSUVfyZNueKG9WF-mJpNam-Lo56-Faf69MVYeL-uu4GibIYAsXVAE2h1EKENKld65IhcDnlT9u1ktRPtrL9SOs7IKMOjcStaOcL8IIMI1cTZHtRmyh7EdOY7_H6_rjfHzwSosYE3Qz4SC4FMCUegdbJwRe4u9I&amp;__tn__=-]K-R\"><span class=\"xt0psk2\">Alejandro Giammattei<\/span><\/a>, Ante la posible afectaci\u00f3n al Territorio Nacional por el potencial Cicl\u00f3n Tropical Lisa, el Dr. Fernando Rodr\u00edguez Klarck, Gobernador de Alta Verapaz, en su calidad de Director de la Coordinadora Departamental para la Reducci\u00f3n de Desastres del Departamento, convoc\u00f3 a integrantes de esta coordinadora, con la finalidad de conocer a detalle las acciones para afrontar dicha emergencia.<\/div>\n<\/div>\n<div class=\"x11i5rnm xat24cr x1mh8g0r x1vvkbs xtlvy1s x126k92a\" style=\"text-align: justify;\">\n<div dir=\"auto\">Informando a los presentes que actualmente se cuentan con 1,000 raciones de alimentos preposicionados en Bodega Regional de CONRED Alta Verapaz, para atender de manera eficaz y oportuna a poblaciones que pudieran resultar afectadas por el fen\u00f3meno natural.<\/div>\n<\/div>\n<div class=\"x11i5rnm xat24cr x1mh8g0r x1vvkbs xtlvy1s x126k92a\" style=\"text-align: justify;\">\n<div dir=\"auto\">La secci\u00f3n de log\u00edstica encargada de la gesti\u00f3n de transporte, maquinaria y equipo, gesti\u00f3n de alimentos y Administraci\u00f3n de centros de Acopio; informo que se cuenta con los siguientes transportes disponibles para apoyo de la emergencia:<\/div>\n<\/div>\n<div class=\"x11i5rnm xat24cr x1mh8g0r x1vvkbs xtlvy1s x126k92a\" style=\"text-align: justify;\">\n<div dir=\"auto\">18 veh\u00edculos tipo pick up.<\/div>\n<div dir=\"auto\">4 camiones de volteo<\/div>\n<div dir=\"auto\">2 cargadores frontales<\/div>\n<div dir=\"auto\">1 gr\u00faa<\/div>\n<div dir=\"auto\">6 camiones de carga<\/div>\n<div dir=\"auto\">6 motocicletas<\/div>\n<div dir=\"auto\">1 lancha con motor<\/div>\n<div dir=\"auto\">1 lancha con remo<\/div>\n<div dir=\"auto\">3 aeronaves de ala fija<\/div>\n<div dir=\"auto\">4 aeronaves de ala rotativa<\/div>\n<\/div>\n<div class=\"x11i5rnm xat24cr x1mh8g0r x1vvkbs xtlvy1s x126k92a\" style=\"text-align: justify;\">\n<div dir=\"auto\">Posibles espacios para habilitar centros de Acopio:<\/div>\n<\/div>\n<div class=\"x11i5rnm xat24cr x1mh8g0r x1vvkbs xtlvy1s x126k92a\" style=\"text-align: justify;\">\n<div dir=\"auto\">Instituto Normal Mixto del Norte Emilio rosales Ponce<\/div>\n<div dir=\"auto\">Escuela Nacional de Ciencias Comerciales<\/div>\n<div dir=\"auto\">Sal\u00f3n de Sociedad de Beneficencia<\/div>\n<div dir=\"auto\">Mercado la Canasta<\/div>\n<div dir=\"auto\">INEB Cant\u00f3n las Casas<\/div>\n<div dir=\"auto\">Polideportivo<\/div>\n<div dir=\"auto\">Paseo Candelaria<br \/>\nCentro Universitario del Norte \u2013 CUNOR-<\/div>\n<div dir=\"auto\">Universidad Rafael Land\u00edvar \u2013URL-<\/div>\n<\/div>\n<div class=\"x11i5rnm xat24cr x1mh8g0r x1vvkbs xtlvy1s x126k92a\" style=\"text-align: justify;\">\n<div dir=\"auto\">La secci\u00f3n de Planificaci\u00f3n presento el cuadro de control de albergues oficiales a nivel departamental, indicando que se tienen 57 albergues listos para contrarrestar los efectos que pueda generar el cicl\u00f3n tropical Lisa.<\/div>\n<\/div>\n<div class=\"x11i5rnm xat24cr x1mh8g0r x1vvkbs xtlvy1s x126k92a\">\n<div dir=\"auto\" style=\"text-align: justify;\">El gobernador Fernando Rodr\u00edguez Klarck manifest\u00f3 que, como parte del protocolo, la comunicaci\u00f3n es constante con las autoridades municipales. Asimismo, se coordina con entes estatales para el apoyo correspondiente.<\/div>\n<div dir=\"auto\" style=\"text-align: justify;\"><a class=\"x1i10hfl xjbqb8w x6umtig x1b1mbwd xaqea5y xav7gou x9f619 x1ypdohk xt0psk2 xe8uvvx xdj266r x11i5rnm xat24cr x1mh8g0r xexx8yu x4uap5 x18d9i69 xkhd6sd x16tdsg8 x1hl2dhg xggy1nq x1a2a7pz xt0b8zv x1qq9wsj xo1l8bm\" tabindex=\"0\" role=\"link\" href=\"https:\/\/www.facebook.com\/guatemalagob?__cft__[0]=AZVLGaqHt3LTXzYbx-VtLLP3KFa4GkXfuuzmNSSUVfyZNueKG9WF-mJpNam-Lo56-Faf69MVYeL-uu4GibIYAsXVAE2h1EKENKld65IhcDnlT9u1ktRPtrL9SOs7IKMOjcStaOcL8IIMI1cTZHtRmyh7EdOY7_H6_rjfHzwSosYE3Qz4SC4FMCUegdbJwRe4u9I&amp;__tn__=-]K-R\"><span class=\"xt0psk2\">Gobierno de Guatemala<\/span><\/a><a class=\"x1i10hfl xjbqb8w x6umtig x1b1mbwd xaqea5y xav7gou x9f619 x1ypdohk xt0psk2 xe8uvvx xdj266r x11i5rnm xat24cr x1mh8g0r xexx8yu x4uap5 x18d9i69 xkhd6sd x16tdsg8 x1hl2dhg xggy1nq x1a2a7pz xt0b8zv x1qq9wsj xo1l8bm\" tabindex=\"0\" role=\"link\" href=\"https:\/\/www.facebook.com\/conredgt?__cft__[0]=AZVLGaqHt3LTXzYbx-VtLLP3KFa4GkXfuuzmNSSUVfyZNueKG9WF-mJpNam-Lo56-Faf69MVYeL-uu4GibIYAsXVAE2h1EKENKld65IhcDnlT9u1ktRPtrL9SOs7IKMOjcStaOcL8IIMI1cTZHtRmyh7EdOY7_H6_rjfHzwSosYE3Qz4SC4FMCUegdbJwRe4u9I&amp;__tn__=-]K-R\"><span class=\"xt0psk2\">Conred<\/span><\/a><a class=\"x1i10hfl xjbqb8w x6umtig x1b1mbwd xaqea5y xav7gou x9f619 x1ypdohk xt0psk2 xe8uvvx xdj266r x11i5rnm xat24cr x1mh8g0r xexx8yu x4uap5 x18d9i69 xkhd6sd x16tdsg8 x1hl2dhg xggy1nq x1a2a7pz xt0b8zv x1qq9wsj xo1l8bm\" tabindex=\"0\" role=\"link\" href=\"https:\/\/www.facebook.com\/codede.av.7?__cft__[0]=AZVLGaqHt3LTXzYbx-VtLLP3KFa4GkXfuuzmNSSUVfyZNueKG9WF-mJpNam-Lo56-Faf69MVYeL-uu4GibIYAsXVAE2h1EKENKld65IhcDnlT9u1ktRPtrL9SOs7IKMOjcStaOcL8IIMI1cTZHtRmyh7EdOY7_H6_rjfHzwSosYE3Qz4SC4FMCUegdbJwRe4u9I&amp;__tn__=-]K-R\"><span class=\"xt0psk2\">Codede AV<\/span><\/a><a class=\"x1i10hfl xjbqb8w x6umtig x1b1mbwd xaqea5y xav7gou x9f619 x1ypdohk xt0psk2 xe8uvvx xdj266r x11i5rnm xat24cr x1mh8g0r xexx8yu x4uap5 x18d9i69 xkhd6sd x16tdsg8 x1hl2dhg xggy1nq x1a2a7pz xt0b8zv x1qq9wsj xo1l8bm\" tabindex=\"0\" role=\"link\" href=\"https:\/\/www.facebook.com\/sosepguatemala?__cft__[0]=AZVLGaqHt3LTXzYbx-VtLLP3KFa4GkXfuuzmNSSUVfyZNueKG9WF-mJpNam-Lo56-Faf69MVYeL-uu4GibIYAsXVAE2h1EKENKld65IhcDnlT9u1ktRPtrL9SOs7IKMOjcStaOcL8IIMI1cTZHtRmyh7EdOY7_H6_rjfHzwSosYE3Qz4SC4FMCUegdbJwRe4u9I&amp;__tn__=-]K-R\"><span class=\"xt0psk2\">Secretar\u00eda de Obras Sociales de la Esposa del Presidente<\/span><\/a><a class=\"x1i10hfl xjbqb8w x6umtig x1b1mbwd xaqea5y xav7gou x9f619 x1ypdohk xt0psk2 xe8uvvx xdj266r x11i5rnm xat24cr x1mh8g0r xexx8yu x4uap5 x18d9i69 xkhd6sd x16tdsg8 x1hl2dhg xggy1nq x1a2a7pz xt0b8zv x1qq9wsj xo1l8bm\" tabindex=\"0\" role=\"link\" href=\"https:\/\/www.facebook.com\/SegeplanGT?__cft__[0]=AZVLGaqHt3LTXzYbx-VtLLP3KFa4GkXfuuzmNSSUVfyZNueKG9WF-mJpNam-Lo56-Faf69MVYeL-uu4GibIYAsXVAE2h1EKENKld65IhcDnlT9u1ktRPtrL9SOs7IKMOjcStaOcL8IIMI1cTZHtRmyh7EdOY7_H6_rjfHzwSosYE3Qz4SC4FMCUegdbJwRe4u9I&amp;__tn__=-]K-R\"><span class=\"xt0psk2\">SEGEPLAN Guatemala<\/span><\/a><a class=\"x1i10hfl xjbqb8w x6umtig x1b1mbwd xaqea5y xav7gou x9f619 x1ypdohk xt0psk2 xe8uvvx xdj266r x11i5rnm xat24cr x1mh8g0r xexx8yu x4uap5 x18d9i69 xkhd6sd x16tdsg8 x1hl2dhg xggy1nq x1a2a7pz xt0b8zv x1qq9wsj xo1l8bm\" tabindex=\"0\" role=\"link\" href=\"https:\/\/www.facebook.com\/insivumeh?__cft__[0]=AZVLGaqHt3LTXzYbx-VtLLP3KFa4GkXfuuzmNSSUVfyZNueKG9WF-mJpNam-Lo56-Faf69MVYeL-uu4GibIYAsXVAE2h1EKENKld65IhcDnlT9u1ktRPtrL9SOs7IKMOjcStaOcL8IIMI1cTZHtRmyh7EdOY7_H6_rjfHzwSosYE3Qz4SC4FMCUegdbJwRe4u9I&amp;__tn__=-]K-R\"><span class=\"xt0psk2\">INSIVUMEH<\/span><\/a><a class=\"x1i10hfl xjbqb8w x6umtig x1b1mbwd xaqea5y xav7gou x9f619 x1ypdohk xt0psk2 xe8uvvx xdj266r x11i5rnm xat24cr x1mh8g0r xexx8yu x4uap5 x18d9i69 xkhd6sd x16tdsg8 x1hl2dhg xggy1nq x1a2a7pz xt0b8zv x1qq9wsj xo1l8bm\" tabindex=\"0\" role=\"link\" href=\"https:\/\/www.facebook.com\/maga.gt?__cft__[0]=AZVLGaqHt3LTXzYbx-VtLLP3KFa4GkXfuuzmNSSUVfyZNueKG9WF-mJpNam-Lo56-Faf69MVYeL-uu4GibIYAsXVAE2h1EKENKld65IhcDnlT9u1ktRPtrL9SOs7IKMOjcStaOcL8IIMI1cTZHtRmyh7EdOY7_H6_rjfHzwSosYE3Qz4SC4FMCUegdbJwRe4u9I&amp;__tn__=-]K-R\"><span class=\"xt0psk2\">Ministerio de Agricultura, Ganader\u00eda y Alimentaci\u00f3n &#8211; MAGA<\/span><\/a><a class=\"x1i10hfl xjbqb8w x6umtig x1b1mbwd xaqea5y xav7gou x9f619 x1ypdohk xt0psk2 xe8uvvx xdj266r x11i5rnm xat24cr x1mh8g0r xexx8yu x4uap5 x18d9i69 xkhd6sd x16tdsg8 x1hl2dhg xggy1nq x1a2a7pz xt0b8zv x1qq9wsj xo1l8bm\" tabindex=\"0\" role=\"link\" href=\"https:\/\/www.facebook.com\/profile.php?id=100069147581797&amp;__cft__[0]=AZVLGaqHt3LTXzYbx-VtLLP3KFa4GkXfuuzmNSSUVfyZNueKG9WF-mJpNam-Lo56-Faf69MVYeL-uu4GibIYAsXVAE2h1EKENKld65IhcDnlT9u1ktRPtrL9SOs7IKMOjcStaOcL8IIMI1cTZHtRmyh7EdOY7_H6_rjfHzwSosYE3Qz4SC4FMCUegdbJwRe4u9I&amp;__tn__=-]K-R\"><span class=\"xt0psk2\">MARN Guatemala<\/span><\/a><a class=\"x1i10hfl xjbqb8w x6umtig x1b1mbwd xaqea5y xav7gou x9f619 x1ypdohk xt0psk2 xe8uvvx xdj266r x11i5rnm xat24cr x1mh8g0r xexx8yu x4uap5 x18d9i69 xkhd6sd x16tdsg8 x1hl2dhg xggy1nq x1a2a7pz xt0b8zv x1qq9wsj xo1l8bm\" tabindex=\"0\" role=\"link\" href=\"https:\/\/www.facebook.com\/MidesGuatemala?__cft__[0]=AZVLGaqHt3LTXzYbx-VtLLP3KFa4GkXfuuzmNSSUVfyZNueKG9WF-mJpNam-Lo56-Faf69MVYeL-uu4GibIYAsXVAE2h1EKENKld65IhcDnlT9u1ktRPtrL9SOs7IKMOjcStaOcL8IIMI1cTZHtRmyh7EdOY7_H6_rjfHzwSosYE3Qz4SC4FMCUegdbJwRe4u9I&amp;__tn__=-]K-R\"><span class=\"xt0psk2\">Mides Guatemala<\/span><\/a><a class=\"x1i10hfl xjbqb8w x6umtig x1b1mbwd xaqea5y xav7gou x9f619 x1ypdohk xt0psk2 xe8uvvx xdj266r x11i5rnm xat24cr x1mh8g0r xexx8yu x4uap5 x18d9i69 xkhd6sd x16tdsg8 x1hl2dhg xggy1nq x1a2a7pz xt0b8zv x1qq9wsj xo1l8bm\" tabindex=\"0\" role=\"link\" href=\"https:\/\/www.facebook.com\/MineducGuate?__cft__[0]=AZVLGaqHt3LTXzYbx-VtLLP3KFa4GkXfuuzmNSSUVfyZNueKG9WF-mJpNam-Lo56-Faf69MVYeL-uu4GibIYAsXVAE2h1EKENKld65IhcDnlT9u1ktRPtrL9SOs7IKMOjcStaOcL8IIMI1cTZHtRmyh7EdOY7_H6_rjfHzwSosYE3Qz4SC4FMCUegdbJwRe4u9I&amp;__tn__=-]K-R\"><span class=\"xt0psk2\">Ministerio de Educaci\u00f3n de Guatemala (P\u00e1gina Oficial)<\/span><\/a> Pnc Guatemala <a class=\"x1i10hfl xjbqb8w x6umtig x1b1mbwd xaqea5y xav7gou x9f619 x1ypdohk xt0psk2 xe8uvvx xdj266r x11i5rnm xat24cr x1mh8g0r xexx8yu x4uap5 x18d9i69 xkhd6sd x16tdsg8 x1hl2dhg xggy1nq x1a2a7pz xt0b8zv x1qq9wsj xo1l8bm\" tabindex=\"0\" role=\"link\" href=\"https:\/\/www.facebook.com\/conamigua1?__cft__[0]=AZVLGaqHt3LTXzYbx-VtLLP3KFa4GkXfuuzmNSSUVfyZNueKG9WF-mJpNam-Lo56-Faf69MVYeL-uu4GibIYAsXVAE2h1EKENKld65IhcDnlT9u1ktRPtrL9SOs7IKMOjcStaOcL8IIMI1cTZHtRmyh7EdOY7_H6_rjfHzwSosYE3Qz4SC4FMCUegdbJwRe4u9I&amp;__tn__=-]K-R\"><span class=\"xt0psk2\">Conamigua Guatemala<\/span><\/a><a class=\"x1i10hfl xjbqb8w x6umtig x1b1mbwd xaqea5y xav7gou x9f619 x1ypdohk xt0psk2 xe8uvvx xdj266r x11i5rnm xat24cr x1mh8g0r xexx8yu x4uap5 x18d9i69 xkhd6sd x16tdsg8 x1hl2dhg xggy1nq x1a2a7pz xt0b8zv x1qq9wsj xo1l8bm\" tabindex=\"0\" role=\"link\" href=\"https:\/\/www.facebook.com\/infomgt?__cft__[0]=AZVLGaqHt3LTXzYbx-VtLLP3KFa4GkXfuuzmNSSUVfyZNueKG9WF-mJpNam-Lo56-Faf69MVYeL-uu4GibIYAsXVAE2h1EKENKld65IhcDnlT9u1ktRPtrL9SOs7IKMOjcStaOcL8IIMI1cTZHtRmyh7EdOY7_H6_rjfHzwSosYE3Qz4SC4FMCUegdbJwRe4u9I&amp;__tn__=-]K-R\"><span class=\"xt0psk2\">INFOM Guatemala<\/span><\/a><a class=\"x1i10hfl xjbqb8w x6umtig x1b1mbwd xaqea5y xav7gou x9f619 x1ypdohk xt0psk2 xe8uvvx xdj266r x11i5rnm xat24cr x1mh8g0r xexx8yu x4uap5 x18d9i69 xkhd6sd x16tdsg8 x1hl2dhg xggy1nq x1a2a7pz xt0b8zv x1qq9wsj xo1l8bm\" tabindex=\"0\" role=\"link\" href=\"https:\/\/www.facebook.com\/Ejercitodeguatemala?__cft__[0]=AZVLGaqHt3LTXzYbx-VtLLP3KFa4GkXfuuzmNSSUVfyZNueKG9WF-mJpNam-Lo56-Faf69MVYeL-uu4GibIYAsXVAE2h1EKENKld65IhcDnlT9u1ktRPtrL9SOs7IKMOjcStaOcL8IIMI1cTZHtRmyh7EdOY7_H6_rjfHzwSosYE3Qz4SC4FMCUegdbJwRe4u9I&amp;__tn__=-]K-R\"><span class=\"xt0psk2\">Ejercito de Guatemala<\/span><\/a><a class=\"x1i10hfl xjbqb8w x6umtig x1b1mbwd xaqea5y xav7gou x9f619 x1ypdohk xt0psk2 xe8uvvx xdj266r x11i5rnm xat24cr x1mh8g0r xexx8yu x4uap5 x18d9i69 xkhd6sd x16tdsg8 x1hl2dhg xggy1nq x1a2a7pz xt0b8zv x1qq9wsj xo1l8bm\" tabindex=\"0\" role=\"link\" href=\"https:\/\/www.facebook.com\/MinisteriodeSaludPublicayAsistenciaSocial?__cft__[0]=AZVLGaqHt3LTXzYbx-VtLLP3KFa4GkXfuuzmNSSUVfyZNueKG9WF-mJpNam-Lo56-Faf69MVYeL-uu4GibIYAsXVAE2h1EKENKld65IhcDnlT9u1ktRPtrL9SOs7IKMOjcStaOcL8IIMI1cTZHtRmyh7EdOY7_H6_rjfHzwSosYE3Qz4SC4FMCUegdbJwRe4u9I&amp;__tn__=-]K-R\"><span class=\"xt0psk2\">Ministerio de Salud P\u00fablica y Asistencia Social<\/span><\/a><\/div>\n<div dir=\"auto\" style=\"text-align: justify;\"><a class=\"x1i10hfl xjbqb8w x6umtig x1b1mbwd xaqea5y xav7gou x9f619 x1ypdohk xt0psk2 xe8uvvx xdj266r x11i5rnm xat24cr x1mh8g0r xexx8yu x4uap5 x18d9i69 xkhd6sd x16tdsg8 x1hl2dhg xggy1nq x1a2a7pz xt0b8zv x1qq9wsj xo1l8bm\" tabindex=\"0\" role=\"link\" href=\"https:\/\/www.facebook.com\/hashtag\/accionesquetransforman?__eep__=6&amp;__cft__[0]=AZVLGaqHt3LTXzYbx-VtLLP3KFa4GkXfuuzmNSSUVfyZNueKG9WF-mJpNam-Lo56-Faf69MVYeL-uu4GibIYAsXVAE2h1EKENKld65IhcDnlT9u1ktRPtrL9SOs7IKMOjcStaOcL8IIMI1cTZHtRmyh7EdOY7_H6_rjfHzwSosYE3Qz4SC4FMCUegdbJwRe4u9I&amp;__tn__=*NK-R\">#AccionesQueTransforman<\/a><a class=\"x1i10hfl xjbqb8w x6umtig x1b1mbwd xaqea5y xav7gou x9f619 x1ypdohk xt0psk2 xe8uvvx xdj266r x11i5rnm xat24cr x1mh8g0r xexx8yu x4uap5 x18d9i69 xkhd6sd x16tdsg8 x1hl2dhg xggy1nq x1a2a7pz xt0b8zv x1qq9wsj xo1l8bm\" tabindex=\"0\" role=\"link\" href=\"https:\/\/www.facebook.com\/hashtag\/juntosvamosporm%C3%A1s?__eep__=6&amp;__cft__[0]=AZVLGaqHt3LTXzYbx-VtLLP3KFa4GkXfuuzmNSSUVfyZNueKG9WF-mJpNam-Lo56-Faf69MVYeL-uu4GibIYAsXVAE2h1EKENKld65IhcDnlT9u1ktRPtrL9SOs7IKMOjcStaOcL8IIMI1cTZHtRmyh7EdOY7_H6_rjfHzwSosYE3Qz4SC4FMCUegdbJwRe4u9I&amp;__tn__=*NK-R\">#JuntosVamosPorM\u00e1s.<\/a><\/div>\n<\/div>\n<div dir=\"auto\"><\/div>\n<div dir=\"auto\"><\/div>\n<div dir=\"auto\"><\/div>\n<div dir=\"auto\">\n<div><\/div>\n<\/div>\n<p>&nbsp;<\/p>\n","protected":false},"excerpt":{"rendered":"<p>En seguimiento a las instrucciones del Sr. Presidente Constitucional de la Rep\u00fablica de Guatemala Dr. Alejandro Giammattei, Ante la posible afectaci\u00f3n al Territorio Nacional por el potencial Cicl\u00f3n Tropical Lisa, el Dr. Fernando Rodr\u00edguez Klarck, Gobernador de Alta Verapaz, en su calidad de Director de la Coordinadora Departamental para la Reducci\u00f3n de Desastres del Departamento, [&hellip;]<\/p>\n","protected":false},"author":1,"featured_media":13860,"comment_status":"closed","ping_status":"open","sticky":false,"template":"","format":"gallery","meta":[],"categories":[197],"tags":[178],"_links":{"self":[{"href":"https:\/\/gobernacionaltaverapaz.gob.gt\/index.php?rest_route=\/wp\/v2\/posts\/13866"}],"collection":[{"href":"https:\/\/gobernacionaltaverapaz.gob.gt\/index.php?rest_route=\/wp\/v2\/posts"}],"about":[{"href":"https:\/\/gobernacionaltaverapaz.gob.gt\/index.php?rest_route=\/wp\/v2\/types\/post"}],"author":[{"embeddable":true,"href":"https:\/\/gobernacionaltaverapaz.gob.gt\/index.php?rest_route=\/wp\/v2\/users\/1"}],"replies":[{"embeddable":true,"href":"https:\/\/gobernacionaltaverapaz.gob.gt\/index.php?rest_route=%2Fwp%2Fv2%2Fcomments&post=13866"}],"version-history":[{"count":1,"href":"https:\/\/gobernacionaltaverapaz.gob.gt\/index.php?rest_route=\/wp\/v2\/posts\/13866\/revisions"}],"predecessor-version":[{"id":13867,"href":"https:\/\/gobernacionaltaverapaz.gob.gt\/index.php?rest_route=\/wp\/v2\/posts\/13866\/revisions\/13867"}],"wp:featuredmedia":[{"embeddable":true,"href":"https:\/\/gobernacionaltaverapaz.gob.gt\/index.php?rest_route=\/wp\/v2\/media\/13860"}],"wp:attachment":[{"href":"https:\/\/gobernacionaltaverapaz.gob.gt\/index.php?rest_route=%2Fwp%2Fv2%2Fmedia&parent=13866"}],"wp:term":[{"taxonomy":"category","embeddable":true,"href":"https:\/\/gobernacionaltaverapaz.gob.gt\/index.php?rest_route=%2Fwp%2Fv2%2Fcategories&post=13866"},{"taxonomy":"post_tag","embeddable":true,"href":"https:\/\/gobernacionaltaverapaz.gob.gt\/index.php?rest_route=%2Fwp%2Fv2%2Ftags&post=13866"}],"curies":[{"name":"wp","href":"https:\/\/api.w.org\/{rel}","templated":true}]}}