{"id":13875,"date":"2022-11-07T13:21:38","date_gmt":"2022-11-07T19:21:38","guid":{"rendered":"https:\/\/gobernacionaltaverapaz.gob.gt\/?p=13875"},"modified":"2022-11-10T12:37:46","modified_gmt":"2022-11-10T18:37:46","slug":"primera-cumbre-latinoamericana-de-gobernadores","status":"publish","type":"post","link":"https:\/\/gobernacionaltaverapaz.gob.gt\/?p=13875","title":{"rendered":"Primera Cumbre Latinoamericana de Gobernadores"},"content":{"rendered":"<div class=\"x11i5rnm xat24cr x1mh8g0r x1vvkbs xdj266r x126k92a\">\n<div dir=\"auto\" style=\"text-align: justify;\">Por Instrucciones del Sr. Presidente Constitucional de la Rep\u00fablica de Guatemala Dr. <a class=\"x1i10hfl xjbqb8w x6umtig x1b1mbwd xaqea5y xav7gou x9f619 x1ypdohk xt0psk2 xe8uvvx xdj266r x11i5rnm xat24cr x1mh8g0r xexx8yu x4uap5 x18d9i69 xkhd6sd x16tdsg8 x1hl2dhg xggy1nq x1a2a7pz xt0b8zv x1qq9wsj xo1l8bm\" tabindex=\"0\" role=\"link\" href=\"https:\/\/www.facebook.com\/AlejandroGiammattei?__cft__[0]=AZVk07RZbTaPT2Wtj2YaiSQvZbPkHfftzjOj_vCngcJ4LtkOyAIegRnB9s7kF9k3pO8siNJJAHlez_2Wflim6iIYwD6H7QLwl0x8kiXQy0s9KJIfdWEu9r2VrZK8UvpAl927WYmmGV27QQpfz3oHkoUwktMksdQI9OBFDhynw6iaurF7rODJn0iluP3adSysdME&amp;__tn__=-]K-R\"><span class=\"xt0psk2\">Alejandro Giammattei<\/span><\/a>, el Gobernador Departamental de Alta Verapaz, Dr. Fernando Rodr\u00edguez Klarck, particip\u00f3 en la \u201cPrimera Cumbre Latinoamericana de Gobernadores\u201d realizada este viernes en la Ciudad Buenos Aires, Argentina, la cual tuvo como objetivo detonar una agenda com\u00fan y constituirse en un espacio de di\u00e1logo permanente que permita un proceso de cooperaci\u00f3n regional de cara a los nuevos desaf\u00edos del mundo y de esta manera estrechar lazos de amistad con autoridades extranjeras que posteriormente desembocaran en oportunidades para nuestro pa\u00eds.<\/div>\n<\/div>\n<div class=\"x11i5rnm xat24cr x1mh8g0r x1vvkbs xtlvy1s x126k92a\">\n<div dir=\"auto\" style=\"text-align: justify;\">En el encuentro se acord\u00f3 entre los L\u00edderes de Latinoam\u00e9rica, articular programas y pol\u00edticas que permitan trabajar de manera mancomunada, y as\u00ed impulsar el desarrollo definitivo de las regiones y ciudades de Am\u00e9rica Latina y el Caribe.<\/div>\n<\/div>\n<div dir=\"auto\"><\/div>\n<div dir=\"auto\"><\/div>\n<div dir=\"auto\">\n<div><\/div>\n<\/div>\n<p>&nbsp;<\/p>\n","protected":false},"excerpt":{"rendered":"<p>Por Instrucciones del Sr. Presidente Constitucional de la Rep\u00fablica de Guatemala Dr. Alejandro Giammattei, el Gobernador Departamental de Alta Verapaz, Dr. Fernando Rodr\u00edguez Klarck, particip\u00f3 en la \u201cPrimera Cumbre Latinoamericana de Gobernadores\u201d realizada este viernes en la Ciudad Buenos Aires, Argentina, la cual tuvo como objetivo detonar una agenda com\u00fan y constituirse en un espacio [&hellip;]<\/p>\n","protected":false},"author":1,"featured_media":13872,"comment_status":"closed","ping_status":"open","sticky":false,"template":"","format":"gallery","meta":[],"categories":[194],"tags":[178],"_links":{"self":[{"href":"https:\/\/gobernacionaltaverapaz.gob.gt\/index.php?rest_route=\/wp\/v2\/posts\/13875"}],"collection":[{"href":"https:\/\/gobernacionaltaverapaz.gob.gt\/index.php?rest_route=\/wp\/v2\/posts"}],"about":[{"href":"https:\/\/gobernacionaltaverapaz.gob.gt\/index.php?rest_route=\/wp\/v2\/types\/post"}],"author":[{"embeddable":true,"href":"https:\/\/gobernacionaltaverapaz.gob.gt\/index.php?rest_route=\/wp\/v2\/users\/1"}],"replies":[{"embeddable":true,"href":"https:\/\/gobernacionaltaverapaz.gob.gt\/index.php?rest_route=%2Fwp%2Fv2%2Fcomments&post=13875"}],"version-history":[{"count":1,"href":"https:\/\/gobernacionaltaverapaz.gob.gt\/index.php?rest_route=\/wp\/v2\/posts\/13875\/revisions"}],"predecessor-version":[{"id":13876,"href":"https:\/\/gobernacionaltaverapaz.gob.gt\/index.php?rest_route=\/wp\/v2\/posts\/13875\/revisions\/13876"}],"wp:featuredmedia":[{"embeddable":true,"href":"https:\/\/gobernacionaltaverapaz.gob.gt\/index.php?rest_route=\/wp\/v2\/media\/13872"}],"wp:attachment":[{"href":"https:\/\/gobernacionaltaverapaz.gob.gt\/index.php?rest_route=%2Fwp%2Fv2%2Fmedia&parent=13875"}],"wp:term":[{"taxonomy":"category","embeddable":true,"href":"https:\/\/gobernacionaltaverapaz.gob.gt\/index.php?rest_route=%2Fwp%2Fv2%2Fcategories&post=13875"},{"taxonomy":"post_tag","embeddable":true,"href":"https:\/\/gobernacionaltaverapaz.gob.gt\/index.php?rest_route=%2Fwp%2Fv2%2Ftags&post=13875"}],"curies":[{"name":"wp","href":"https:\/\/api.w.org\/{rel}","templated":true}]}}