{"id":13885,"date":"2022-11-08T16:24:16","date_gmt":"2022-11-08T22:24:16","guid":{"rendered":"https:\/\/gobernacionaltaverapaz.gob.gt\/?p=13885"},"modified":"2022-11-10T12:57:57","modified_gmt":"2022-11-10T18:57:57","slug":"supervisin-de-los-avances-de-la-construccin-del-puente-tipo-warren","status":"publish","type":"post","link":"https:\/\/gobernacionaltaverapaz.gob.gt\/?p=13885","title":{"rendered":"Supervisi\u00f3n de los avances de la construcci\u00f3n del Puente Tipo Warren"},"content":{"rendered":"<div class=\"x11i5rnm xat24cr x1mh8g0r x1vvkbs xdj266r x126k92a\">\n<div dir=\"auto\" style=\"text-align: justify;\">En representaci\u00f3n del Sr. Presidente Constitucional de la Rep\u00fablica Dr. <a class=\"x1i10hfl xjbqb8w x6umtig x1b1mbwd xaqea5y xav7gou x9f619 x1ypdohk xt0psk2 xe8uvvx xdj266r x11i5rnm xat24cr x1mh8g0r xexx8yu x4uap5 x18d9i69 xkhd6sd x16tdsg8 x1hl2dhg xggy1nq x1a2a7pz xt0b8zv x1qq9wsj xo1l8bm\" tabindex=\"0\" role=\"link\" href=\"https:\/\/www.facebook.com\/AlejandroGiammattei?__cft__[0]=AZUSH6LPRHD7iwkDaNsbAQVSaUB-4d8AbuFqB_WUoSpohOUfY5M3MLNUtzPWvgGtVZTLXUSwRDQNrad6WOVKLsceZJdu-caK7UiUYkMd50IcP7KwmM1RJ9cI0O_U84CSExn27_0lGsOh0iCockDG-6qkJ6cwQO_qB9mPjjgjqmTa1N3hGjAvxRozvulblhE4Mg8&amp;__tn__=-]K-R\"><span class=\"xt0psk2\">Alejandro Giammattei<\/span><\/a>, el d\u00eda de hoy martes el Dr. Fernando Rodr\u00edguez Klarck, Gobernador Departamental, se hizo presente al km. 192 ruta al polochic, a la altura del municipio de Tamah\u00fa, Alta Verapaz con la finalidad de supervisar los avances de la construcci\u00f3n del Puente Tipo Warren.<\/div>\n<\/div>\n<div class=\"x11i5rnm xat24cr x1mh8g0r x1vvkbs xtlvy1s x126k92a\">\n<div dir=\"auto\" style=\"text-align: justify;\">Informando que se tiene al dia de hoy un avance del 65%, ya que se han instalado 3 m\u00f3dulos de 5 de los que consta el proyecto, esperando poder entregar dicho proyecto para finales del mes de noviembre del presente a\u00f1o.<\/div>\n<\/div>\n<div dir=\"auto\"><\/div>\n<div dir=\"auto\"><\/div>\n<div dir=\"auto\"><\/div>\n<div dir=\"auto\">\n<div><\/div>\n<\/div>\n<p>&nbsp;<\/p>\n","protected":false},"excerpt":{"rendered":"<p>En representaci\u00f3n del Sr. Presidente Constitucional de la Rep\u00fablica Dr. Alejandro Giammattei, el d\u00eda de hoy martes el Dr. Fernando Rodr\u00edguez Klarck, Gobernador Departamental, se hizo presente al km. 192 ruta al polochic, a la altura del municipio de Tamah\u00fa, Alta Verapaz con la finalidad de supervisar los avances de la construcci\u00f3n del Puente Tipo [&hellip;]<\/p>\n","protected":false},"author":1,"featured_media":13881,"comment_status":"closed","ping_status":"open","sticky":false,"template":"","format":"gallery","meta":[],"categories":[195],"tags":[178],"_links":{"self":[{"href":"https:\/\/gobernacionaltaverapaz.gob.gt\/index.php?rest_route=\/wp\/v2\/posts\/13885"}],"collection":[{"href":"https:\/\/gobernacionaltaverapaz.gob.gt\/index.php?rest_route=\/wp\/v2\/posts"}],"about":[{"href":"https:\/\/gobernacionaltaverapaz.gob.gt\/index.php?rest_route=\/wp\/v2\/types\/post"}],"author":[{"embeddable":true,"href":"https:\/\/gobernacionaltaverapaz.gob.gt\/index.php?rest_route=\/wp\/v2\/users\/1"}],"replies":[{"embeddable":true,"href":"https:\/\/gobernacionaltaverapaz.gob.gt\/index.php?rest_route=%2Fwp%2Fv2%2Fcomments&post=13885"}],"version-history":[{"count":1,"href":"https:\/\/gobernacionaltaverapaz.gob.gt\/index.php?rest_route=\/wp\/v2\/posts\/13885\/revisions"}],"predecessor-version":[{"id":13886,"href":"https:\/\/gobernacionaltaverapaz.gob.gt\/index.php?rest_route=\/wp\/v2\/posts\/13885\/revisions\/13886"}],"wp:featuredmedia":[{"embeddable":true,"href":"https:\/\/gobernacionaltaverapaz.gob.gt\/index.php?rest_route=\/wp\/v2\/media\/13881"}],"wp:attachment":[{"href":"https:\/\/gobernacionaltaverapaz.gob.gt\/index.php?rest_route=%2Fwp%2Fv2%2Fmedia&parent=13885"}],"wp:term":[{"taxonomy":"category","embeddable":true,"href":"https:\/\/gobernacionaltaverapaz.gob.gt\/index.php?rest_route=%2Fwp%2Fv2%2Fcategories&post=13885"},{"taxonomy":"post_tag","embeddable":true,"href":"https:\/\/gobernacionaltaverapaz.gob.gt\/index.php?rest_route=%2Fwp%2Fv2%2Ftags&post=13885"}],"curies":[{"name":"wp","href":"https:\/\/api.w.org\/{rel}","templated":true}]}}