{"id":13894,"date":"2022-11-09T12:54:35","date_gmt":"2022-11-09T18:54:35","guid":{"rendered":"https:\/\/gobernacionaltaverapaz.gob.gt\/?p=13894"},"modified":"2022-11-18T11:33:27","modified_gmt":"2022-11-18T17:33:27","slug":"se-realiz-de-forma-pacfica-desalojo-en-aldea-najquitob-de-santa-cruz-verapaz","status":"publish","type":"post","link":"https:\/\/gobernacionaltaverapaz.gob.gt\/?p=13894","title":{"rendered":"Se realiz\u00f3 de forma pac\u00edfica un desalojo en Aldea Najquitob de Santa Cruz Verapaz"},"content":{"rendered":"<p style=\"text-align: justify;\"><span class=\"x193iq5w xeuugli x13faqbe x1vvkbs x1xmvt09 x1lliihq x1s928wv xhkezso x1gmr53x x1cpjm7i x1fgarty x1943h6x xudqn12 x3x7a5m x6prxxf xvq8zen xo1l8bm xzsf02u x1yc453h\" dir=\"auto\">Dr. Fernando Rodr\u00edguez Klarck, Acompa\u00f1a a Autoridades Judiciales, Procuradur\u00eda de los Derechos Humanos, Ministerio P\u00fablico, Polic\u00eda Nacional Civil y Comisi\u00f3n Presidencial por la paz COPADEH. Para darle cumplimiento a la Sentencia de ejecuci\u00f3n de Juez competente; del DESALOJO en la Finca ubicada en la Aldea Najquitob de Santa Cruz Verapaz, de este Departamento. Diligencia que se efectu\u00f3 pac\u00edficamente, cumpliendo con todos los protocolos nacionales e internacionales, notificando y dialogando inicialmente, con las personas que ocupaban ilegalmente la finca, respetando sus garant\u00edas constitucionales y d\u00e1ndole cumplimiento como corresponde, al debido proceso. <\/span><\/p>\n<p>&nbsp;<\/p>\n<div><\/div>\n","protected":false},"excerpt":{"rendered":"<p>Dr. Fernando Rodr\u00edguez Klarck, Acompa\u00f1a a Autoridades Judiciales, Procuradur\u00eda de los Derechos Humanos, Ministerio P\u00fablico, Polic\u00eda Nacional Civil y Comisi\u00f3n Presidencial por la paz COPADEH. Para darle cumplimiento a la Sentencia de ejecuci\u00f3n de Juez competente; del DESALOJO en la Finca ubicada en la Aldea Najquitob de Santa Cruz Verapaz, de este Departamento. Diligencia que [&hellip;]<\/p>\n","protected":false},"author":1,"featured_media":13889,"comment_status":"closed","ping_status":"open","sticky":false,"template":"","format":"gallery","meta":[],"categories":[183],"tags":[178],"_links":{"self":[{"href":"https:\/\/gobernacionaltaverapaz.gob.gt\/index.php?rest_route=\/wp\/v2\/posts\/13894"}],"collection":[{"href":"https:\/\/gobernacionaltaverapaz.gob.gt\/index.php?rest_route=\/wp\/v2\/posts"}],"about":[{"href":"https:\/\/gobernacionaltaverapaz.gob.gt\/index.php?rest_route=\/wp\/v2\/types\/post"}],"author":[{"embeddable":true,"href":"https:\/\/gobernacionaltaverapaz.gob.gt\/index.php?rest_route=\/wp\/v2\/users\/1"}],"replies":[{"embeddable":true,"href":"https:\/\/gobernacionaltaverapaz.gob.gt\/index.php?rest_route=%2Fwp%2Fv2%2Fcomments&post=13894"}],"version-history":[{"count":1,"href":"https:\/\/gobernacionaltaverapaz.gob.gt\/index.php?rest_route=\/wp\/v2\/posts\/13894\/revisions"}],"predecessor-version":[{"id":13895,"href":"https:\/\/gobernacionaltaverapaz.gob.gt\/index.php?rest_route=\/wp\/v2\/posts\/13894\/revisions\/13895"}],"wp:featuredmedia":[{"embeddable":true,"href":"https:\/\/gobernacionaltaverapaz.gob.gt\/index.php?rest_route=\/wp\/v2\/media\/13889"}],"wp:attachment":[{"href":"https:\/\/gobernacionaltaverapaz.gob.gt\/index.php?rest_route=%2Fwp%2Fv2%2Fmedia&parent=13894"}],"wp:term":[{"taxonomy":"category","embeddable":true,"href":"https:\/\/gobernacionaltaverapaz.gob.gt\/index.php?rest_route=%2Fwp%2Fv2%2Fcategories&post=13894"},{"taxonomy":"post_tag","embeddable":true,"href":"https:\/\/gobernacionaltaverapaz.gob.gt\/index.php?rest_route=%2Fwp%2Fv2%2Ftags&post=13894"}],"curies":[{"name":"wp","href":"https:\/\/api.w.org\/{rel}","templated":true}]}}