{"id":13900,"date":"2022-11-09T17:04:21","date_gmt":"2022-11-09T23:04:21","guid":{"rendered":"https:\/\/gobernacionaltaverapaz.gob.gt\/?p=13900"},"modified":"2022-11-18T11:43:00","modified_gmt":"2022-11-18T17:43:00","slug":"inspeccin-general-de-cooperativas-quienes-refirieron-hacer-una-visita-de-cortesa-esta-gobernacin","status":"publish","type":"post","link":"https:\/\/gobernacionaltaverapaz.gob.gt\/?p=13900","title":{"rendered":"Inspecci\u00f3n General de Cooperativas quienes refirieron hacer una visita de cortes\u00eda a esta Gobernaci\u00f3n"},"content":{"rendered":"<p style=\"text-align: justify;\"><span class=\"x193iq5w xeuugli x13faqbe x1vvkbs x1xmvt09 x1lliihq x1s928wv xhkezso x1gmr53x x1cpjm7i x1fgarty x1943h6x xudqn12 x3x7a5m x6prxxf xvq8zen xo1l8bm xzsf02u x1yc453h\" dir=\"auto\">Dr. Fernando Rodr\u00edguez Klarck, tuvo a bien recibir en su despacho al Inspector General de Cooperativas y asesores de la <a class=\"x1i10hfl xjbqb8w x6umtig x1b1mbwd xaqea5y xav7gou x9f619 x1ypdohk xt0psk2 xe8uvvx xdj266r x11i5rnm xat24cr x1mh8g0r xexx8yu x4uap5 x18d9i69 xkhd6sd x16tdsg8 x1hl2dhg xggy1nq x1a2a7pz xt0b8zv x1qq9wsj xo1l8bm\" tabindex=\"0\" role=\"link\" href=\"https:\/\/www.facebook.com\/INGECOP.gt?__cft__[0]=AZUtiNz7_qvouwmPpyQWQRpYIDZ4RlSvvRvWGCtkyutbhR69YqlCGf2xV50p6DWXZ2fueYQOu7COB2XLJJuLycxv_M1xRSrgrkE0H8pWFF4EHi3dyKiUOnJj-R35yu0D-DKp0Qs_JUyy3fSaG7UQkFpk1rT72EpPHqjANd71lxsAq9XJbqbXOszPUVfr7mE1GAc&amp;__tn__=-]K-R\"><span class=\"xt0psk2\">Inspecci\u00f3n General de Cooperativas<\/span><\/a>, quienes refirieron hacer una visita de cortes\u00eda a esta Gobernaci\u00f3n con la finalidad de estrechar lazos de cooperaci\u00f3n que sirvan para la atenci\u00f3n, capacitaci\u00f3n, seguimiento y fiscalizaci\u00f3n a las asociaciones cooperativas que se ubican en el territorio.<\/span><\/p>\n<p>&nbsp;<\/p>\n<p>&nbsp;<\/p>\n<div>\n<div><\/div>\n<\/div>\n","protected":false},"excerpt":{"rendered":"<p>Dr. Fernando Rodr\u00edguez Klarck, tuvo a bien recibir en su despacho al Inspector General de Cooperativas y asesores de la Inspecci\u00f3n General de Cooperativas, quienes refirieron hacer una visita de cortes\u00eda a esta Gobernaci\u00f3n con la finalidad de estrechar lazos de cooperaci\u00f3n que sirvan para la atenci\u00f3n, capacitaci\u00f3n, seguimiento y fiscalizaci\u00f3n a las asociaciones cooperativas [&hellip;]<\/p>\n","protected":false},"author":1,"featured_media":13897,"comment_status":"closed","ping_status":"open","sticky":false,"template":"","format":"gallery","meta":[],"categories":[194],"tags":[178],"_links":{"self":[{"href":"https:\/\/gobernacionaltaverapaz.gob.gt\/index.php?rest_route=\/wp\/v2\/posts\/13900"}],"collection":[{"href":"https:\/\/gobernacionaltaverapaz.gob.gt\/index.php?rest_route=\/wp\/v2\/posts"}],"about":[{"href":"https:\/\/gobernacionaltaverapaz.gob.gt\/index.php?rest_route=\/wp\/v2\/types\/post"}],"author":[{"embeddable":true,"href":"https:\/\/gobernacionaltaverapaz.gob.gt\/index.php?rest_route=\/wp\/v2\/users\/1"}],"replies":[{"embeddable":true,"href":"https:\/\/gobernacionaltaverapaz.gob.gt\/index.php?rest_route=%2Fwp%2Fv2%2Fcomments&post=13900"}],"version-history":[{"count":1,"href":"https:\/\/gobernacionaltaverapaz.gob.gt\/index.php?rest_route=\/wp\/v2\/posts\/13900\/revisions"}],"predecessor-version":[{"id":13901,"href":"https:\/\/gobernacionaltaverapaz.gob.gt\/index.php?rest_route=\/wp\/v2\/posts\/13900\/revisions\/13901"}],"wp:featuredmedia":[{"embeddable":true,"href":"https:\/\/gobernacionaltaverapaz.gob.gt\/index.php?rest_route=\/wp\/v2\/media\/13897"}],"wp:attachment":[{"href":"https:\/\/gobernacionaltaverapaz.gob.gt\/index.php?rest_route=%2Fwp%2Fv2%2Fmedia&parent=13900"}],"wp:term":[{"taxonomy":"category","embeddable":true,"href":"https:\/\/gobernacionaltaverapaz.gob.gt\/index.php?rest_route=%2Fwp%2Fv2%2Fcategories&post=13900"},{"taxonomy":"post_tag","embeddable":true,"href":"https:\/\/gobernacionaltaverapaz.gob.gt\/index.php?rest_route=%2Fwp%2Fv2%2Ftags&post=13900"}],"curies":[{"name":"wp","href":"https:\/\/api.w.org\/{rel}","templated":true}]}}