{"id":13908,"date":"2022-11-10T18:07:29","date_gmt":"2022-11-11T00:07:29","guid":{"rendered":"https:\/\/gobernacionaltaverapaz.gob.gt\/?p=13908"},"modified":"2022-11-18T11:51:00","modified_gmt":"2022-11-18T17:51:00","slug":"reactivacin-de-la-mesa-de-conflictividad-departamental","status":"publish","type":"post","link":"https:\/\/gobernacionaltaverapaz.gob.gt\/?p=13908","title":{"rendered":"Reactivaci\u00f3n de la Mesa de Conflictividad Departamental"},"content":{"rendered":"<div dir=\"auto\" style=\"text-align: justify;\">Con base en el aumento de Conflictividad Agraria, Forestal y social que impera en el Departamento, misma que constituye una realidad compleja en este territorio, El Dr. Fernando Rodr\u00edguez Klarck, Gobernador de Alta Verapaz, lleva cabo la reactivaci\u00f3n de la Mesa de Conflictividad Departamental, iniciando desde su creaci\u00f3n, estructuraci\u00f3n y legalizaci\u00f3n de las comisiones municipales, esto gracias al apoyo de la Comisi\u00f3n Presidencial por la Paz y los Derechos Humanos COPADEH y la Agencia de Naciones unidas FAO.<\/div>\n<div dir=\"auto\" style=\"text-align: justify;\">El objetivo primordial de \u00e9sta, es abordar la conflictividad agraria, ambiental y social a trav\u00e9s del dialogo, como mecanismo para la construcci\u00f3n de consensos mediante m\u00e9todos alternativos de resoluci\u00f3n de conflictos, que permitan alcanzar acuerdos para disminuir la conflictividad social y construir una cultura de paz en el marco del respeto a los derechos humanos.<\/div>\n<div dir=\"auto\"><\/div>\n<div dir=\"auto\">\n<div><\/div>\n<\/div>\n<p>&nbsp;<\/p>\n","protected":false},"excerpt":{"rendered":"<p>Con base en el aumento de Conflictividad Agraria, Forestal y social que impera en el Departamento, misma que constituye una realidad compleja en este territorio, El Dr. Fernando Rodr\u00edguez Klarck, Gobernador de Alta Verapaz, lleva cabo la reactivaci\u00f3n de la Mesa de Conflictividad Departamental, iniciando desde su creaci\u00f3n, estructuraci\u00f3n y legalizaci\u00f3n de las comisiones municipales, [&hellip;]<\/p>\n","protected":false},"author":1,"featured_media":13902,"comment_status":"closed","ping_status":"open","sticky":false,"template":"","format":"gallery","meta":[],"categories":[194],"tags":[178],"_links":{"self":[{"href":"https:\/\/gobernacionaltaverapaz.gob.gt\/index.php?rest_route=\/wp\/v2\/posts\/13908"}],"collection":[{"href":"https:\/\/gobernacionaltaverapaz.gob.gt\/index.php?rest_route=\/wp\/v2\/posts"}],"about":[{"href":"https:\/\/gobernacionaltaverapaz.gob.gt\/index.php?rest_route=\/wp\/v2\/types\/post"}],"author":[{"embeddable":true,"href":"https:\/\/gobernacionaltaverapaz.gob.gt\/index.php?rest_route=\/wp\/v2\/users\/1"}],"replies":[{"embeddable":true,"href":"https:\/\/gobernacionaltaverapaz.gob.gt\/index.php?rest_route=%2Fwp%2Fv2%2Fcomments&post=13908"}],"version-history":[{"count":1,"href":"https:\/\/gobernacionaltaverapaz.gob.gt\/index.php?rest_route=\/wp\/v2\/posts\/13908\/revisions"}],"predecessor-version":[{"id":13909,"href":"https:\/\/gobernacionaltaverapaz.gob.gt\/index.php?rest_route=\/wp\/v2\/posts\/13908\/revisions\/13909"}],"wp:featuredmedia":[{"embeddable":true,"href":"https:\/\/gobernacionaltaverapaz.gob.gt\/index.php?rest_route=\/wp\/v2\/media\/13902"}],"wp:attachment":[{"href":"https:\/\/gobernacionaltaverapaz.gob.gt\/index.php?rest_route=%2Fwp%2Fv2%2Fmedia&parent=13908"}],"wp:term":[{"taxonomy":"category","embeddable":true,"href":"https:\/\/gobernacionaltaverapaz.gob.gt\/index.php?rest_route=%2Fwp%2Fv2%2Fcategories&post=13908"},{"taxonomy":"post_tag","embeddable":true,"href":"https:\/\/gobernacionaltaverapaz.gob.gt\/index.php?rest_route=%2Fwp%2Fv2%2Ftags&post=13908"}],"curies":[{"name":"wp","href":"https:\/\/api.w.org\/{rel}","templated":true}]}}