{"id":13910,"date":"2022-11-14T16:23:18","date_gmt":"2022-11-14T22:23:18","guid":{"rendered":"https:\/\/gobernacionaltaverapaz.gob.gt\/?p=13910"},"modified":"2022-11-18T11:55:06","modified_gmt":"2022-11-18T17:55:06","slug":"habilitacin-del-instituto-nacional-de-educacin-bsica-de-la-aldea-bancab-de-municipio-de-san-pedro-carch","status":"publish","type":"post","link":"https:\/\/gobernacionaltaverapaz.gob.gt\/?p=13910","title":{"rendered":"Habilitaci\u00f3n del Instituto Nacional de Educaci\u00f3n B\u00e1sica de la Aldea Bancab de municipio de San Pedro Carch\u00e1"},"content":{"rendered":"<div class=\"x11i5rnm xat24cr x1mh8g0r x1vvkbs xdj266r x126k92a\">\n<div dir=\"auto\" style=\"text-align: justify;\">La alianza estrategica entre entidades de Gobierno e iniciativa privada permiti\u00f3 la habilitacion del Instituto Nacional de Educaci\u00f3n B\u00e1sica de la Aldea Bancab de municipio de San Pedro Carch\u00e1, el cual fue inaugurado el d\u00eda de hoy en compa\u00f1ia del Dr. Fernando Rodr\u00edguez Klarck, Gobernador de Alta Verapaz, Autoridades Municipales, representantes del consejo Comunitario de desarrollo e Hidroel\u00e9ctrica RENACE.<\/div>\n<\/div>\n<div class=\"x11i5rnm xat24cr x1mh8g0r x1vvkbs xtlvy1s x126k92a\">\n<div dir=\"auto\" style=\"text-align: justify;\">El objetivo primordial es contar con un ambiente amplio y adecuado para el desarrollo de las actividades correspondientes a nivel primario y b\u00e1sico.<\/div>\n<\/div>\n<div dir=\"auto\"><\/div>\n<div dir=\"auto\"><\/div>\n<div dir=\"auto\"><\/div>\n<div dir=\"auto\"><img decoding=\"async\" loading=\"lazy\" class=\"alignnone size-full wp-image-13911\" src=\"https:\/\/gobernacionaltaverapaz.gob.gt\/wp-content\/uploads\/2022\/11\/01-32.jpg\" alt=\"\" width=\"900\" height=\"600\" srcset=\"https:\/\/gobernacionaltaverapaz.gob.gt\/wp-content\/uploads\/2022\/11\/01-32.jpg 900w, https:\/\/gobernacionaltaverapaz.gob.gt\/wp-content\/uploads\/2022\/11\/01-32-300x200.jpg 300w, https:\/\/gobernacionaltaverapaz.gob.gt\/wp-content\/uploads\/2022\/11\/01-32-768x512.jpg 768w\" sizes=\"(max-width: 900px) 100vw, 900px\" \/><\/div>\n<p>&nbsp;<\/p>\n","protected":false},"excerpt":{"rendered":"<p>La alianza estrategica entre entidades de Gobierno e iniciativa privada permiti\u00f3 la habilitacion del Instituto Nacional de Educaci\u00f3n B\u00e1sica de la Aldea Bancab de municipio de San Pedro Carch\u00e1, el cual fue inaugurado el d\u00eda de hoy en compa\u00f1ia del Dr. Fernando Rodr\u00edguez Klarck, Gobernador de Alta Verapaz, Autoridades Municipales, representantes del consejo Comunitario de [&hellip;]<\/p>\n","protected":false},"author":1,"featured_media":13912,"comment_status":"closed","ping_status":"open","sticky":false,"template":"","format":"gallery","meta":[],"categories":[183],"tags":[178],"_links":{"self":[{"href":"https:\/\/gobernacionaltaverapaz.gob.gt\/index.php?rest_route=\/wp\/v2\/posts\/13910"}],"collection":[{"href":"https:\/\/gobernacionaltaverapaz.gob.gt\/index.php?rest_route=\/wp\/v2\/posts"}],"about":[{"href":"https:\/\/gobernacionaltaverapaz.gob.gt\/index.php?rest_route=\/wp\/v2\/types\/post"}],"author":[{"embeddable":true,"href":"https:\/\/gobernacionaltaverapaz.gob.gt\/index.php?rest_route=\/wp\/v2\/users\/1"}],"replies":[{"embeddable":true,"href":"https:\/\/gobernacionaltaverapaz.gob.gt\/index.php?rest_route=%2Fwp%2Fv2%2Fcomments&post=13910"}],"version-history":[{"count":1,"href":"https:\/\/gobernacionaltaverapaz.gob.gt\/index.php?rest_route=\/wp\/v2\/posts\/13910\/revisions"}],"predecessor-version":[{"id":13913,"href":"https:\/\/gobernacionaltaverapaz.gob.gt\/index.php?rest_route=\/wp\/v2\/posts\/13910\/revisions\/13913"}],"wp:featuredmedia":[{"embeddable":true,"href":"https:\/\/gobernacionaltaverapaz.gob.gt\/index.php?rest_route=\/wp\/v2\/media\/13912"}],"wp:attachment":[{"href":"https:\/\/gobernacionaltaverapaz.gob.gt\/index.php?rest_route=%2Fwp%2Fv2%2Fmedia&parent=13910"}],"wp:term":[{"taxonomy":"category","embeddable":true,"href":"https:\/\/gobernacionaltaverapaz.gob.gt\/index.php?rest_route=%2Fwp%2Fv2%2Fcategories&post=13910"},{"taxonomy":"post_tag","embeddable":true,"href":"https:\/\/gobernacionaltaverapaz.gob.gt\/index.php?rest_route=%2Fwp%2Fv2%2Ftags&post=13910"}],"curies":[{"name":"wp","href":"https:\/\/api.w.org\/{rel}","templated":true}]}}