{"id":13919,"date":"2022-11-15T09:05:51","date_gmt":"2022-11-15T15:05:51","guid":{"rendered":"https:\/\/gobernacionaltaverapaz.gob.gt\/?p=13919"},"modified":"2022-11-18T12:12:04","modified_gmt":"2022-11-18T18:12:04","slug":"inauguracin-del-vivero-agroforestal-municipal-de-la-municipalidad-de-san-pedro-carch","status":"publish","type":"post","link":"https:\/\/gobernacionaltaverapaz.gob.gt\/?p=13919","title":{"rendered":"Inauguraci\u00f3n del Vivero Agro-Forestal Municipal de la Municipalidad de San Pedro Carch\u00e1"},"content":{"rendered":"<p style=\"text-align: justify;\"><span class=\"x193iq5w xeuugli x13faqbe x1vvkbs x1xmvt09 x1lliihq x1s928wv xhkezso x1gmr53x x1cpjm7i x1fgarty x1943h6x xudqn12 x3x7a5m x6prxxf xvq8zen xo1l8bm xzsf02u x1yc453h\" dir=\"auto\">La Delegaci\u00f3n Departamental del Ministerio de Ambiente y Recursos Naturales de Alta Verapaz, particip\u00f3 en la Inauguraci\u00f3n del Vivero Agro-Forestal Municipal de la Municipalidad de San Pedro Carch\u00e1 con la cooperaci\u00f3n <a class=\"x1i10hfl xjbqb8w x6umtig x1b1mbwd xaqea5y xav7gou x9f619 x1ypdohk xt0psk2 xe8uvvx xdj266r x11i5rnm xat24cr x1mh8g0r xexx8yu x4uap5 x18d9i69 xkhd6sd x16tdsg8 x1hl2dhg xggy1nq x1a2a7pz xt0b8zv x1qq9wsj xo1l8bm\" tabindex=\"0\" role=\"link\" href=\"https:\/\/www.facebook.com\/heiferinternational?__cft__[0]=AZXBhoADD7PAScl5kzNRQYMTt8tJO7HngZHlDAz9rCCMwxSwq2-9v7jREFEQ2a0WWL9vsDWMJiugIDD36QLGmh52JBBj1aGKZlX7-Tst8AwNiqZ43WjHzXpWHDO-4ebfEt4E9p4sei-adOJl_P0c7sxCjcarnfUE7Di9DGlqu-o7AO25KDBVNYSUnpeBw3uFlSk&amp;__tn__=-]K-R\"><span class=\"xt0psk2\">Heifer International<\/span><\/a>. <\/span><\/p>\n<p>&nbsp;<\/p>\n<div><\/div>\n","protected":false},"excerpt":{"rendered":"<p>La Delegaci\u00f3n Departamental del Ministerio de Ambiente y Recursos Naturales de Alta Verapaz, particip\u00f3 en la Inauguraci\u00f3n del Vivero Agro-Forestal Municipal de la Municipalidad de San Pedro Carch\u00e1 con la cooperaci\u00f3n Heifer International. &nbsp;<\/p>\n","protected":false},"author":1,"featured_media":13914,"comment_status":"closed","ping_status":"open","sticky":false,"template":"","format":"gallery","meta":[],"categories":[1],"tags":[178],"_links":{"self":[{"href":"https:\/\/gobernacionaltaverapaz.gob.gt\/index.php?rest_route=\/wp\/v2\/posts\/13919"}],"collection":[{"href":"https:\/\/gobernacionaltaverapaz.gob.gt\/index.php?rest_route=\/wp\/v2\/posts"}],"about":[{"href":"https:\/\/gobernacionaltaverapaz.gob.gt\/index.php?rest_route=\/wp\/v2\/types\/post"}],"author":[{"embeddable":true,"href":"https:\/\/gobernacionaltaverapaz.gob.gt\/index.php?rest_route=\/wp\/v2\/users\/1"}],"replies":[{"embeddable":true,"href":"https:\/\/gobernacionaltaverapaz.gob.gt\/index.php?rest_route=%2Fwp%2Fv2%2Fcomments&post=13919"}],"version-history":[{"count":1,"href":"https:\/\/gobernacionaltaverapaz.gob.gt\/index.php?rest_route=\/wp\/v2\/posts\/13919\/revisions"}],"predecessor-version":[{"id":13920,"href":"https:\/\/gobernacionaltaverapaz.gob.gt\/index.php?rest_route=\/wp\/v2\/posts\/13919\/revisions\/13920"}],"wp:featuredmedia":[{"embeddable":true,"href":"https:\/\/gobernacionaltaverapaz.gob.gt\/index.php?rest_route=\/wp\/v2\/media\/13914"}],"wp:attachment":[{"href":"https:\/\/gobernacionaltaverapaz.gob.gt\/index.php?rest_route=%2Fwp%2Fv2%2Fmedia&parent=13919"}],"wp:term":[{"taxonomy":"category","embeddable":true,"href":"https:\/\/gobernacionaltaverapaz.gob.gt\/index.php?rest_route=%2Fwp%2Fv2%2Fcategories&post=13919"},{"taxonomy":"post_tag","embeddable":true,"href":"https:\/\/gobernacionaltaverapaz.gob.gt\/index.php?rest_route=%2Fwp%2Fv2%2Ftags&post=13919"}],"curies":[{"name":"wp","href":"https:\/\/api.w.org\/{rel}","templated":true}]}}