{"id":13945,"date":"2022-11-15T09:39:44","date_gmt":"2022-11-15T15:39:44","guid":{"rendered":"https:\/\/gobernacionaltaverapaz.gob.gt\/?p=13945"},"modified":"2022-11-30T09:42:45","modified_gmt":"2022-11-30T15:42:45","slug":"cierre-de-su-programa-de-educacin-forestal-reforestacin-sembrando-huella-2022","status":"publish","type":"post","link":"https:\/\/gobernacionaltaverapaz.gob.gt\/?p=13945","title":{"rendered":"Cierre de su programa de educaci\u00f3n forestal y reforestaci\u00f3n Sembrando Huella 2022"},"content":{"rendered":"<div class=\"x11i5rnm xat24cr x1mh8g0r x1vvkbs xdj266r x126k92a\">\n<div dir=\"auto\" style=\"text-align: justify;\">El Instituto Nacional de Bosques -INAB- con el apoyo de <a class=\"x1i10hfl xjbqb8w x6umtig x1b1mbwd xaqea5y xav7gou x9f619 x1ypdohk xt0psk2 xe8uvvx xdj266r x11i5rnm xat24cr x1mh8g0r xexx8yu x4uap5 x18d9i69 xkhd6sd x16tdsg8 x1hl2dhg xggy1nq x1a2a7pz xt0b8zv x1qq9wsj xo1l8bm\" tabindex=\"0\" role=\"link\" href=\"https:\/\/www.facebook.com\/Fao-Naciones-Unidas-136192853800165\/?__cft__[0]=AZWMzKzAVGHWXDt7a3RnSVK44F7R17I7kuujWlsp8Wv37CrLR5WxCBQT92zFXGGiFc8DY02w74vQ7BpYjC-u4ZzcSj2vgBGNQFbv9vkqWbnVFiSjw8IHNOXNbjvd4UNKPITl5oe9JmL42nYBCdw31n9buEZ8xAKJ_vBuVSazy543dFCdtKIsR8V4y4deVxBLGVw&amp;__tn__=kK-R\"><span class=\"xt0psk2\">Fao Naciones Unidas<\/span><\/a> y <a class=\"x1i10hfl xjbqb8w x6umtig x1b1mbwd xaqea5y xav7gou x9f619 x1ypdohk xt0psk2 xe8uvvx xdj266r x11i5rnm xat24cr x1mh8g0r xexx8yu x4uap5 x18d9i69 xkhd6sd x16tdsg8 x1hl2dhg xggy1nq x1a2a7pz xt0b8zv x1qq9wsj xo1l8bm\" tabindex=\"0\" role=\"link\" href=\"https:\/\/www.facebook.com\/koica.gt?__cft__[0]=AZWMzKzAVGHWXDt7a3RnSVK44F7R17I7kuujWlsp8Wv37CrLR5WxCBQT92zFXGGiFc8DY02w74vQ7BpYjC-u4ZzcSj2vgBGNQFbv9vkqWbnVFiSjw8IHNOXNbjvd4UNKPITl5oe9JmL42nYBCdw31n9buEZ8xAKJ_vBuVSazy543dFCdtKIsR8V4y4deVxBLGVw&amp;__tn__=-]K-R\"><span class=\"xt0psk2\">KOICA Guatemala office<\/span><\/a> realiz\u00f3 el cierre de su programa de educaci\u00f3n forestal y reforestaci\u00f3n <a class=\"x1i10hfl xjbqb8w x6umtig x1b1mbwd xaqea5y xav7gou x9f619 x1ypdohk xt0psk2 xe8uvvx xdj266r x11i5rnm xat24cr x1mh8g0r xexx8yu x4uap5 x18d9i69 xkhd6sd x16tdsg8 x1hl2dhg xggy1nq x1a2a7pz xt0b8zv x1qq9wsj xo1l8bm\" tabindex=\"0\" role=\"link\" href=\"https:\/\/www.facebook.com\/hashtag\/sembrandohuella?__eep__=6&amp;__cft__[0]=AZWMzKzAVGHWXDt7a3RnSVK44F7R17I7kuujWlsp8Wv37CrLR5WxCBQT92zFXGGiFc8DY02w74vQ7BpYjC-u4ZzcSj2vgBGNQFbv9vkqWbnVFiSjw8IHNOXNbjvd4UNKPITl5oe9JmL42nYBCdw31n9buEZ8xAKJ_vBuVSazy543dFCdtKIsR8V4y4deVxBLGVw&amp;__tn__=*NK-R\">#SembrandoHuella<\/a> 2022 en las <a class=\"x1i10hfl xjbqb8w x6umtig x1b1mbwd xaqea5y xav7gou x9f619 x1ypdohk xt0psk2 xe8uvvx xdj266r x11i5rnm xat24cr x1mh8g0r xexx8yu x4uap5 x18d9i69 xkhd6sd x16tdsg8 x1hl2dhg xggy1nq x1a2a7pz xt0b8zv x1qq9wsj xo1l8bm\" tabindex=\"0\" role=\"link\" href=\"https:\/\/www.facebook.com\/hashtag\/verapaces?__eep__=6&amp;__cft__[0]=AZWMzKzAVGHWXDt7a3RnSVK44F7R17I7kuujWlsp8Wv37CrLR5WxCBQT92zFXGGiFc8DY02w74vQ7BpYjC-u4ZzcSj2vgBGNQFbv9vkqWbnVFiSjw8IHNOXNbjvd4UNKPITl5oe9JmL42nYBCdw31n9buEZ8xAKJ_vBuVSazy543dFCdtKIsR8V4y4deVxBLGVw&amp;__tn__=*NK-R\">#Verapaces<\/a>. Este programa tuvo por objetivo este a\u00f1o superar las 70 actividades de reforestaci\u00f3n, a nivel regional en los departamentos de Alta y Baja Verapaz y el municipio de Ixc\u00e1n Quich\u00e9<\/div>\n<\/div>\n<div class=\"x11i5rnm xat24cr x1mh8g0r x1vvkbs xtlvy1s x126k92a\" style=\"text-align: justify;\">\n<div dir=\"auto\">En 2022 los amigos del bosque con los que se arranc\u00f3 Sembrando Huella fueron: <a class=\"x1i10hfl xjbqb8w x6umtig x1b1mbwd xaqea5y xav7gou x9f619 x1ypdohk xt0psk2 xe8uvvx xdj266r x11i5rnm xat24cr x1mh8g0r xexx8yu x4uap5 x18d9i69 xkhd6sd x16tdsg8 x1hl2dhg xggy1nq x1a2a7pz xt0b8zv x1qq9wsj xo1l8bm\" tabindex=\"0\" role=\"link\" href=\"https:\/\/www.facebook.com\/infordasa?__cft__[0]=AZWMzKzAVGHWXDt7a3RnSVK44F7R17I7kuujWlsp8Wv37CrLR5WxCBQT92zFXGGiFc8DY02w74vQ7BpYjC-u4ZzcSj2vgBGNQFbv9vkqWbnVFiSjw8IHNOXNbjvd4UNKPITl5oe9JmL42nYBCdw31n9buEZ8xAKJ_vBuVSazy543dFCdtKIsR8V4y4deVxBLGVw&amp;__tn__=-]K-R\"><span class=\"xt0psk2\">Infordasa<\/span><\/a>, Finca Sepamaj, Industria forestal 12 pinos, Industria Agroforestal Gue Gua, Madesgua, Industria Forestal la Fortaleza de Sion, Agua Pura de la Roca, Rubel Kich\u00e9, Vivero Forestal San Agust\u00edn, Municipalidad de Cob\u00e1n, Enel Green Power, Municipalidad de Lanqu\u00edn, Inde, Fao koica, Perenco, Industria Forestal el Monumento, Rainforest Alliance y la Municipalidad de Ixc\u00e1n.<\/div>\n<\/div>\n<div class=\"x11i5rnm xat24cr x1mh8g0r x1vvkbs xtlvy1s x126k92a\">\n<div dir=\"auto\" style=\"text-align: justify;\">El programa <a class=\"x1i10hfl xjbqb8w x6umtig x1b1mbwd xaqea5y xav7gou x9f619 x1ypdohk xt0psk2 xe8uvvx xdj266r x11i5rnm xat24cr x1mh8g0r xexx8yu x4uap5 x18d9i69 xkhd6sd x16tdsg8 x1hl2dhg xggy1nq x1a2a7pz xt0b8zv x1qq9wsj xo1l8bm\" tabindex=\"0\" role=\"link\" href=\"https:\/\/www.facebook.com\/hashtag\/sembrandohuella2022?__eep__=6&amp;__cft__[0]=AZWMzKzAVGHWXDt7a3RnSVK44F7R17I7kuujWlsp8Wv37CrLR5WxCBQT92zFXGGiFc8DY02w74vQ7BpYjC-u4ZzcSj2vgBGNQFbv9vkqWbnVFiSjw8IHNOXNbjvd4UNKPITl5oe9JmL42nYBCdw31n9buEZ8xAKJ_vBuVSazy543dFCdtKIsR8V4y4deVxBLGVw&amp;__tn__=*NK-R\">#SembrandoHuella2022<\/a> desde su implementaci\u00f3n realiz\u00f3 96 jornadas de reforestaci\u00f3n y 27 de sensibilizaci\u00f3n a nivel regional haciendo un total de 123 actividades, donde se plantaron 31,067 \u00e1rboles en un \u00e1rea de 28 hect\u00e1reas con el apoyo de m\u00e1s de 3,830 amigos del bosque donde el 36.9% fueron mujeres, 30.1% hombres, 17.3% y 15.7% fueron ni\u00f1os y ni\u00f1as.<\/div>\n<\/div>\n<div dir=\"auto\"><\/div>\n<div dir=\"auto\"><\/div>\n<div dir=\"auto\"><\/div>\n<div dir=\"auto\">\n<div><\/div>\n<\/div>\n<p>&nbsp;<\/p>\n","protected":false},"excerpt":{"rendered":"<p>El Instituto Nacional de Bosques -INAB- con el apoyo de Fao Naciones Unidas y KOICA Guatemala office realiz\u00f3 el cierre de su programa de educaci\u00f3n forestal y reforestaci\u00f3n #SembrandoHuella 2022 en las #Verapaces. Este programa tuvo por objetivo este a\u00f1o superar las 70 actividades de reforestaci\u00f3n, a nivel regional en los departamentos de Alta y [&hellip;]<\/p>\n","protected":false},"author":1,"featured_media":13942,"comment_status":"closed","ping_status":"open","sticky":false,"template":"","format":"gallery","meta":[],"categories":[6],"tags":[178],"_links":{"self":[{"href":"https:\/\/gobernacionaltaverapaz.gob.gt\/index.php?rest_route=\/wp\/v2\/posts\/13945"}],"collection":[{"href":"https:\/\/gobernacionaltaverapaz.gob.gt\/index.php?rest_route=\/wp\/v2\/posts"}],"about":[{"href":"https:\/\/gobernacionaltaverapaz.gob.gt\/index.php?rest_route=\/wp\/v2\/types\/post"}],"author":[{"embeddable":true,"href":"https:\/\/gobernacionaltaverapaz.gob.gt\/index.php?rest_route=\/wp\/v2\/users\/1"}],"replies":[{"embeddable":true,"href":"https:\/\/gobernacionaltaverapaz.gob.gt\/index.php?rest_route=%2Fwp%2Fv2%2Fcomments&post=13945"}],"version-history":[{"count":1,"href":"https:\/\/gobernacionaltaverapaz.gob.gt\/index.php?rest_route=\/wp\/v2\/posts\/13945\/revisions"}],"predecessor-version":[{"id":13946,"href":"https:\/\/gobernacionaltaverapaz.gob.gt\/index.php?rest_route=\/wp\/v2\/posts\/13945\/revisions\/13946"}],"wp:featuredmedia":[{"embeddable":true,"href":"https:\/\/gobernacionaltaverapaz.gob.gt\/index.php?rest_route=\/wp\/v2\/media\/13942"}],"wp:attachment":[{"href":"https:\/\/gobernacionaltaverapaz.gob.gt\/index.php?rest_route=%2Fwp%2Fv2%2Fmedia&parent=13945"}],"wp:term":[{"taxonomy":"category","embeddable":true,"href":"https:\/\/gobernacionaltaverapaz.gob.gt\/index.php?rest_route=%2Fwp%2Fv2%2Fcategories&post=13945"},{"taxonomy":"post_tag","embeddable":true,"href":"https:\/\/gobernacionaltaverapaz.gob.gt\/index.php?rest_route=%2Fwp%2Fv2%2Ftags&post=13945"}],"curies":[{"name":"wp","href":"https:\/\/api.w.org\/{rel}","templated":true}]}}