{"id":13963,"date":"2022-11-16T09:07:19","date_gmt":"2022-11-16T15:07:19","guid":{"rendered":"https:\/\/gobernacionaltaverapaz.gob.gt\/?p=13963"},"modified":"2022-12-05T12:58:22","modified_gmt":"2022-12-05T18:58:22","slug":"gobernador-departamental-recibi-en-su-despacho-al-presidente-junta-directiva-de-euskal-fondoa","status":"publish","type":"post","link":"https:\/\/gobernacionaltaverapaz.gob.gt\/?p=13963","title":{"rendered":"Gobernador Departamental recibi\u00f3 en su despacho al presidente y junta directiva de Euskal Fondoa"},"content":{"rendered":"<p style=\"text-align: justify;\"><span class=\"x193iq5w xeuugli x13faqbe x1vvkbs x1xmvt09 x1lliihq x1s928wv xhkezso x1gmr53x x1cpjm7i x1fgarty x1943h6x xudqn12 x3x7a5m x6prxxf xvq8zen xo1l8bm xzsf02u x1yc453h\" dir=\"auto\">Dr. Fernando Rodr\u00edguez Klarck, gobernador departamental, tuvo a bien recibir en su despacho al presidente y junta directiva de Euskal Fondoa (Asociaci\u00f3n de Entidades Locales Vascas Cooperantes) y al Director de la <a class=\"x1i10hfl xjbqb8w x6umtig x1b1mbwd xaqea5y xav7gou x9f619 x1ypdohk xt0psk2 xe8uvvx xdj266r x11i5rnm xat24cr x1mh8g0r xexx8yu x4uap5 x18d9i69 xkhd6sd x16tdsg8 x1hl2dhg xggy1nq x1a2a7pz xt0b8zv x1qq9wsj xo1l8bm\" tabindex=\"0\" role=\"link\" href=\"https:\/\/www.facebook.com\/profile.php?id=100057504548710&amp;__cft__[0]=AZXwd2dW3TGtzCBks1oemRjrw6sXCs6CxolB7g9wUlKHx-ASs40dfRNwpBFRu1Si5urzzyhkBZQf0N5mZubayy5xafAxVPzuZPCOWHTI5DEZ3-lmH5579seSH36yy4nNE1f7Qr_Iu3f1iMqT1i40fmodpYVya7fvo4b0h8TtUjPqEjNcPJTE9MNLvPAIMGBvTOA&amp;__tn__=-]K-R\"><span class=\"xt0psk2\">Fundaci\u00f3n Iniciativa Civil para la Democracia INCIDE<\/span><\/a>, con el prop\u00f3sito de ratificar el compromiso en el departamento de fomentar valores de convivencia pac\u00edfica, basada en la justicia, la igualdad, la tolerancia y la participaci\u00f3n activa en la vida social, cultural y pol\u00edtica, esto en cooperaci\u00f3n con las municipalidades para atender de manera eficaz las necesidades de la poblaci\u00f3n Altaverapacense. <\/span><\/p>\n<p>&nbsp;<\/p>\n<p>&nbsp;<\/p>\n<div><\/div>\n","protected":false},"excerpt":{"rendered":"<p>Dr. Fernando Rodr\u00edguez Klarck, gobernador departamental, tuvo a bien recibir en su despacho al presidente y junta directiva de Euskal Fondoa (Asociaci\u00f3n de Entidades Locales Vascas Cooperantes) y al Director de la Fundaci\u00f3n Iniciativa Civil para la Democracia INCIDE, con el prop\u00f3sito de ratificar el compromiso en el departamento de fomentar valores de convivencia pac\u00edfica, [&hellip;]<\/p>\n","protected":false},"author":1,"featured_media":13960,"comment_status":"closed","ping_status":"open","sticky":false,"template":"","format":"gallery","meta":[],"categories":[194],"tags":[178],"_links":{"self":[{"href":"https:\/\/gobernacionaltaverapaz.gob.gt\/index.php?rest_route=\/wp\/v2\/posts\/13963"}],"collection":[{"href":"https:\/\/gobernacionaltaverapaz.gob.gt\/index.php?rest_route=\/wp\/v2\/posts"}],"about":[{"href":"https:\/\/gobernacionaltaverapaz.gob.gt\/index.php?rest_route=\/wp\/v2\/types\/post"}],"author":[{"embeddable":true,"href":"https:\/\/gobernacionaltaverapaz.gob.gt\/index.php?rest_route=\/wp\/v2\/users\/1"}],"replies":[{"embeddable":true,"href":"https:\/\/gobernacionaltaverapaz.gob.gt\/index.php?rest_route=%2Fwp%2Fv2%2Fcomments&post=13963"}],"version-history":[{"count":1,"href":"https:\/\/gobernacionaltaverapaz.gob.gt\/index.php?rest_route=\/wp\/v2\/posts\/13963\/revisions"}],"predecessor-version":[{"id":13964,"href":"https:\/\/gobernacionaltaverapaz.gob.gt\/index.php?rest_route=\/wp\/v2\/posts\/13963\/revisions\/13964"}],"wp:featuredmedia":[{"embeddable":true,"href":"https:\/\/gobernacionaltaverapaz.gob.gt\/index.php?rest_route=\/wp\/v2\/media\/13960"}],"wp:attachment":[{"href":"https:\/\/gobernacionaltaverapaz.gob.gt\/index.php?rest_route=%2Fwp%2Fv2%2Fmedia&parent=13963"}],"wp:term":[{"taxonomy":"category","embeddable":true,"href":"https:\/\/gobernacionaltaverapaz.gob.gt\/index.php?rest_route=%2Fwp%2Fv2%2Fcategories&post=13963"},{"taxonomy":"post_tag","embeddable":true,"href":"https:\/\/gobernacionaltaverapaz.gob.gt\/index.php?rest_route=%2Fwp%2Fv2%2Ftags&post=13963"}],"curies":[{"name":"wp","href":"https:\/\/api.w.org\/{rel}","templated":true}]}}