{"id":13970,"date":"2022-11-16T14:36:20","date_gmt":"2022-11-16T20:36:20","guid":{"rendered":"https:\/\/gobernacionaltaverapaz.gob.gt\/?p=13970"},"modified":"2022-12-05T14:18:57","modified_gmt":"2022-12-05T20:18:57","slug":"inauguracin-del-curso-elaboracin-de-canastas-plsticas","status":"publish","type":"post","link":"https:\/\/gobernacionaltaverapaz.gob.gt\/?p=13970","title":{"rendered":"Inauguraci\u00f3n del curso Elaboraci\u00f3n de Canastas Pl\u00e1sticas"},"content":{"rendered":"<p style=\"text-align: justify;\"><span class=\"x193iq5w xeuugli x13faqbe x1vvkbs x1xmvt09 x1lliihq x1s928wv xhkezso x1gmr53x x1cpjm7i x1fgarty x1943h6x xudqn12 x3x7a5m x6prxxf xvq8zen xo1l8bm xzsf02u x1yc453h\" dir=\"auto\">Dr. Fernando Rodr\u00edguez Klarck, gobernador departamental en compa\u00f1\u00eda de delegados de la <a class=\"x1i10hfl xjbqb8w x6umtig x1b1mbwd xaqea5y xav7gou x9f619 x1ypdohk xt0psk2 xe8uvvx xdj266r x11i5rnm xat24cr x1mh8g0r xexx8yu x4uap5 x18d9i69 xkhd6sd x16tdsg8 x1hl2dhg xggy1nq x1a2a7pz xt0b8zv x1qq9wsj xo1l8bm\" tabindex=\"0\" role=\"link\" href=\"https:\/\/www.facebook.com\/DefensoriaDemi?__cft__[0]=AZU5-I2h1msXzV4GnA9o0ws10PChR3Uxi0s115OGHbBso0bJCjFvo3mGFE217co7TlMURfvJBuonoufTgjyrylGnKPDMZ2rNmPPKQoLJHu6kDqKHQBjIKvPGMo6eTvqUio62vT0KFaYezg8UZfnb1PyR-EBIDN5CD1o14XNG8GTLlScDOwCpl3kpdmpCVLgeqEY&amp;__tn__=-]K-R\"><span class=\"xt0psk2\">Defensor\u00eda de la Mujer Ind\u00edgena DEMI<\/span><\/a> de la Sede Regional de <a class=\"x1i10hfl xjbqb8w x6umtig x1b1mbwd xaqea5y xav7gou x9f619 x1ypdohk xt0psk2 xe8uvvx xdj266r x11i5rnm xat24cr x1mh8g0r xexx8yu x4uap5 x18d9i69 xkhd6sd x16tdsg8 x1hl2dhg xggy1nq x1a2a7pz xt0b8zv x1qq9wsj xo1l8bm\" tabindex=\"0\" role=\"link\" href=\"https:\/\/www.facebook.com\/hashtag\/altaverapaz?__eep__=6&amp;__cft__[0]=AZU5-I2h1msXzV4GnA9o0ws10PChR3Uxi0s115OGHbBso0bJCjFvo3mGFE217co7TlMURfvJBuonoufTgjyrylGnKPDMZ2rNmPPKQoLJHu6kDqKHQBjIKvPGMo6eTvqUio62vT0KFaYezg8UZfnb1PyR-EBIDN5CD1o14XNG8GTLlScDOwCpl3kpdmpCVLgeqEY&amp;__tn__=*NK-R\">#AltaVerapaz<\/a> en coordinaci\u00f3n con la <a class=\"x1i10hfl xjbqb8w x6umtig x1b1mbwd xaqea5y xav7gou x9f619 x1ypdohk xt0psk2 xe8uvvx xdj266r x11i5rnm xat24cr x1mh8g0r xexx8yu x4uap5 x18d9i69 xkhd6sd x16tdsg8 x1hl2dhg xggy1nq x1a2a7pz xt0b8zv x1qq9wsj xo1l8bm\" tabindex=\"0\" role=\"link\" href=\"https:\/\/www.facebook.com\/profile.php?id=100057504548710&amp;__cft__[0]=AZU5-I2h1msXzV4GnA9o0ws10PChR3Uxi0s115OGHbBso0bJCjFvo3mGFE217co7TlMURfvJBuonoufTgjyrylGnKPDMZ2rNmPPKQoLJHu6kDqKHQBjIKvPGMo6eTvqUio62vT0KFaYezg8UZfnb1PyR-EBIDN5CD1o14XNG8GTLlScDOwCpl3kpdmpCVLgeqEY&amp;__tn__=-]K-R\"><span class=\"xt0psk2\">Fundaci\u00f3n Iniciativa Civil para la Democracia INCIDE<\/span><\/a>, llevaron a cabo la Certificaci\u00f3n de 19 mujeres en el curso Carpinter\u00eda B\u00e1sica, con una duraci\u00f3n de 160 horas con el apoyo de <a class=\"x1i10hfl xjbqb8w x6umtig x1b1mbwd xaqea5y xav7gou x9f619 x1ypdohk xt0psk2 xe8uvvx xdj266r x11i5rnm xat24cr x1mh8g0r xexx8yu x4uap5 x18d9i69 xkhd6sd x16tdsg8 x1hl2dhg xggy1nq x1a2a7pz xt0b8zv x1qq9wsj xo1l8bm\" tabindex=\"0\" role=\"link\" href=\"https:\/\/www.facebook.com\/intecapoficial\/?__cft__[0]=AZU5-I2h1msXzV4GnA9o0ws10PChR3Uxi0s115OGHbBso0bJCjFvo3mGFE217co7TlMURfvJBuonoufTgjyrylGnKPDMZ2rNmPPKQoLJHu6kDqKHQBjIKvPGMo6eTvqUio62vT0KFaYezg8UZfnb1PyR-EBIDN5CD1o14XNG8GTLlScDOwCpl3kpdmpCVLgeqEY&amp;__tn__=kK-R\"><span class=\"xt0psk2\">Intecap<\/span><\/a>, as\u00ed mismo, se realiz\u00f3 la inauguraci\u00f3n del curso Elaboraci\u00f3n de Canastas Pl\u00e1sticas, donde ser\u00e1n beneficiadas y certificadas 35 mujeres todas sobrevivientes de violencia.<\/span><\/p>\n<p>&nbsp;<\/p>\n<p>&nbsp;<\/p>\n<div><\/div>\n","protected":false},"excerpt":{"rendered":"<p>Dr. Fernando Rodr\u00edguez Klarck, gobernador departamental en compa\u00f1\u00eda de delegados de la Defensor\u00eda de la Mujer Ind\u00edgena DEMI de la Sede Regional de #AltaVerapaz en coordinaci\u00f3n con la Fundaci\u00f3n Iniciativa Civil para la Democracia INCIDE, llevaron a cabo la Certificaci\u00f3n de 19 mujeres en el curso Carpinter\u00eda B\u00e1sica, con una duraci\u00f3n de 160 horas con [&hellip;]<\/p>\n","protected":false},"author":1,"featured_media":13965,"comment_status":"closed","ping_status":"open","sticky":false,"template":"","format":"gallery","meta":[],"categories":[7],"tags":[178],"_links":{"self":[{"href":"https:\/\/gobernacionaltaverapaz.gob.gt\/index.php?rest_route=\/wp\/v2\/posts\/13970"}],"collection":[{"href":"https:\/\/gobernacionaltaverapaz.gob.gt\/index.php?rest_route=\/wp\/v2\/posts"}],"about":[{"href":"https:\/\/gobernacionaltaverapaz.gob.gt\/index.php?rest_route=\/wp\/v2\/types\/post"}],"author":[{"embeddable":true,"href":"https:\/\/gobernacionaltaverapaz.gob.gt\/index.php?rest_route=\/wp\/v2\/users\/1"}],"replies":[{"embeddable":true,"href":"https:\/\/gobernacionaltaverapaz.gob.gt\/index.php?rest_route=%2Fwp%2Fv2%2Fcomments&post=13970"}],"version-history":[{"count":1,"href":"https:\/\/gobernacionaltaverapaz.gob.gt\/index.php?rest_route=\/wp\/v2\/posts\/13970\/revisions"}],"predecessor-version":[{"id":13971,"href":"https:\/\/gobernacionaltaverapaz.gob.gt\/index.php?rest_route=\/wp\/v2\/posts\/13970\/revisions\/13971"}],"wp:featuredmedia":[{"embeddable":true,"href":"https:\/\/gobernacionaltaverapaz.gob.gt\/index.php?rest_route=\/wp\/v2\/media\/13965"}],"wp:attachment":[{"href":"https:\/\/gobernacionaltaverapaz.gob.gt\/index.php?rest_route=%2Fwp%2Fv2%2Fmedia&parent=13970"}],"wp:term":[{"taxonomy":"category","embeddable":true,"href":"https:\/\/gobernacionaltaverapaz.gob.gt\/index.php?rest_route=%2Fwp%2Fv2%2Fcategories&post=13970"},{"taxonomy":"post_tag","embeddable":true,"href":"https:\/\/gobernacionaltaverapaz.gob.gt\/index.php?rest_route=%2Fwp%2Fv2%2Ftags&post=13970"}],"curies":[{"name":"wp","href":"https:\/\/api.w.org\/{rel}","templated":true}]}}