{"id":13984,"date":"2022-11-16T21:08:49","date_gmt":"2022-11-17T03:08:49","guid":{"rendered":"https:\/\/gobernacionaltaverapaz.gob.gt\/?p=13984"},"modified":"2022-12-07T11:01:49","modified_gmt":"2022-12-07T17:01:49","slug":"reunin-con-integrantes-del-coed","status":"publish","type":"post","link":"https:\/\/gobernacionaltaverapaz.gob.gt\/?p=13984","title":{"rendered":"Reuni\u00f3n con integrantes del COED"},"content":{"rendered":"<p style=\"text-align: justify;\"><span class=\"x193iq5w xeuugli x13faqbe x1vvkbs x1xmvt09 x1lliihq x1s928wv xhkezso x1gmr53x x1cpjm7i x1fgarty x1943h6x xudqn12 x3x7a5m x6prxxf xvq8zen xo1l8bm xzsf02u x1yc453h\" dir=\"auto\">Dr. Fernando Rodr\u00edguez Klarck, gobernador de Alta Verapaz en su calidad de Director del Centro de Operaciones de Emergencia Departamental, dirige reuni\u00f3n con integrantes del COED, con la finalidad de dar aprobaci\u00f3n a solicitud de la <a class=\"x1i10hfl xjbqb8w x6umtig x1b1mbwd xaqea5y xav7gou x9f619 x1ypdohk xt0psk2 xe8uvvx xdj266r x11i5rnm xat24cr x1mh8g0r xexx8yu x4uap5 x18d9i69 xkhd6sd x16tdsg8 x1hl2dhg xggy1nq x1a2a7pz xt0b8zv x1qq9wsj xo1l8bm\" tabindex=\"0\" role=\"link\" href=\"https:\/\/www.facebook.com\/Sesangt?__cft__[0]=AZV3FiuMugOgsBsDDfnkIq38MWN14e8dZcD4R4rk-6_RXRSKo4B_ygW-5eh2pEbo8duuo-kgbTDdmhFB9HOogc2qmXg_mWglfYyrIX7pTb2zNvE02RpmSu9NpRtbrgTQ5WDJcCOXlNIpCVjw7NIC9cGVwVMcQKjtLSN2qT0NrrHFtEZIgmzz3qDCIP5eAH1rLiA&amp;__tn__=-]K-R\"><span class=\"xt0psk2\">Secretar\u00eda de Seguridad Alimentaria y Nutricional-SESAN<\/span><\/a>, para la distribuci\u00f3n de recursos a las municipalidades de San Pedro Carcha, Fray Bartolom\u00e9 de las Casas, Raxruha y San Juan Chamelco.<\/span><\/p>\n<p>&nbsp;<\/p>\n<p>&nbsp;<\/p>\n<div><\/div>\n","protected":false},"excerpt":{"rendered":"<p>Dr. Fernando Rodr\u00edguez Klarck, gobernador de Alta Verapaz en su calidad de Director del Centro de Operaciones de Emergencia Departamental, dirige reuni\u00f3n con integrantes del COED, con la finalidad de dar aprobaci\u00f3n a solicitud de la Secretar\u00eda de Seguridad Alimentaria y Nutricional-SESAN, para la distribuci\u00f3n de recursos a las municipalidades de San Pedro Carcha, Fray [&hellip;]<\/p>\n","protected":false},"author":1,"featured_media":13981,"comment_status":"closed","ping_status":"open","sticky":false,"template":"","format":"gallery","meta":[],"categories":[194],"tags":[178],"_links":{"self":[{"href":"https:\/\/gobernacionaltaverapaz.gob.gt\/index.php?rest_route=\/wp\/v2\/posts\/13984"}],"collection":[{"href":"https:\/\/gobernacionaltaverapaz.gob.gt\/index.php?rest_route=\/wp\/v2\/posts"}],"about":[{"href":"https:\/\/gobernacionaltaverapaz.gob.gt\/index.php?rest_route=\/wp\/v2\/types\/post"}],"author":[{"embeddable":true,"href":"https:\/\/gobernacionaltaverapaz.gob.gt\/index.php?rest_route=\/wp\/v2\/users\/1"}],"replies":[{"embeddable":true,"href":"https:\/\/gobernacionaltaverapaz.gob.gt\/index.php?rest_route=%2Fwp%2Fv2%2Fcomments&post=13984"}],"version-history":[{"count":1,"href":"https:\/\/gobernacionaltaverapaz.gob.gt\/index.php?rest_route=\/wp\/v2\/posts\/13984\/revisions"}],"predecessor-version":[{"id":13985,"href":"https:\/\/gobernacionaltaverapaz.gob.gt\/index.php?rest_route=\/wp\/v2\/posts\/13984\/revisions\/13985"}],"wp:featuredmedia":[{"embeddable":true,"href":"https:\/\/gobernacionaltaverapaz.gob.gt\/index.php?rest_route=\/wp\/v2\/media\/13981"}],"wp:attachment":[{"href":"https:\/\/gobernacionaltaverapaz.gob.gt\/index.php?rest_route=%2Fwp%2Fv2%2Fmedia&parent=13984"}],"wp:term":[{"taxonomy":"category","embeddable":true,"href":"https:\/\/gobernacionaltaverapaz.gob.gt\/index.php?rest_route=%2Fwp%2Fv2%2Fcategories&post=13984"},{"taxonomy":"post_tag","embeddable":true,"href":"https:\/\/gobernacionaltaverapaz.gob.gt\/index.php?rest_route=%2Fwp%2Fv2%2Ftags&post=13984"}],"curies":[{"name":"wp","href":"https:\/\/api.w.org\/{rel}","templated":true}]}}