{"id":13997,"date":"2022-11-22T10:36:43","date_gmt":"2022-11-22T16:36:43","guid":{"rendered":"https:\/\/gobernacionaltaverapaz.gob.gt\/?p=13997"},"modified":"2022-12-07T11:21:06","modified_gmt":"2022-12-07T17:21:06","slug":"dilogo-participativo","status":"publish","type":"post","link":"https:\/\/gobernacionaltaverapaz.gob.gt\/?p=13997","title":{"rendered":"Gobernador Departamental dirige Di\u00e1logo Participativo"},"content":{"rendered":"<div dir=\"auto\" style=\"text-align: justify;\">Dr. Fernando Rodr\u00edguez Klarck, gobernador departamental, dirige Di\u00e1logo Participativo, sobre la caida de precios del cardamomo, con enfasis en la crisis ocacionada en los peque\u00f1os y medianos productores en el departamento.<\/div>\n<div dir=\"auto\" style=\"text-align: justify;\">Actividad en la que participan delegados del <a class=\"x1i10hfl xjbqb8w x6umtig x1b1mbwd xaqea5y xav7gou x9f619 x1ypdohk xt0psk2 xe8uvvx xdj266r x11i5rnm xat24cr x1mh8g0r xexx8yu x4uap5 x18d9i69 xkhd6sd x16tdsg8 x1hl2dhg xggy1nq x1a2a7pz xt0b8zv x1qq9wsj xo1l8bm\" tabindex=\"0\" role=\"link\" href=\"https:\/\/www.facebook.com\/maga.gt?__cft__[0]=AZX4pMgScKB3KXH4vwXAlPv4Y3UAKwt_T4xW6XgyY1n-FmP9qfGZYmMU6yj0ZNnZ07i_ICXOyQzGQuMXfDF9tIP59d8QDOR6UyQeamVQtJkA9OJnp7vl-Ogu13Ux-xbzMRS0aRNtONcjW2iR8VByOHEI1V1taHUkDeNdJc1HzA5JugYHdhFcEcZaBv-pJhbchnc&amp;__tn__=-]K-R\"><span class=\"xt0psk2\">Ministerio de Agricultura, Ganader\u00eda y Alimentaci\u00f3n &#8211; MAGA<\/span><\/a>, Jefes Ediles de los municipios de Tamahu, Chahal, Lanquin y Raxruha y peque\u00f1os y medianos productores de cardamomo de Alta Verapaz.<\/div>\n<div dir=\"auto\"><\/div>\n<div dir=\"auto\"><\/div>\n<div dir=\"auto\"><\/div>\n<div dir=\"auto\">\n<div><\/div>\n<\/div>\n<p>&nbsp;<\/p>\n","protected":false},"excerpt":{"rendered":"<p>Dr. Fernando Rodr\u00edguez Klarck, gobernador departamental, dirige Di\u00e1logo Participativo, sobre la caida de precios del cardamomo, con enfasis en la crisis ocacionada en los peque\u00f1os y medianos productores en el departamento. Actividad en la que participan delegados del Ministerio de Agricultura, Ganader\u00eda y Alimentaci\u00f3n &#8211; MAGA, Jefes Ediles de los municipios de Tamahu, Chahal, Lanquin [&hellip;]<\/p>\n","protected":false},"author":1,"featured_media":13992,"comment_status":"closed","ping_status":"open","sticky":false,"template":"","format":"gallery","meta":[],"categories":[194],"tags":[178],"_links":{"self":[{"href":"https:\/\/gobernacionaltaverapaz.gob.gt\/index.php?rest_route=\/wp\/v2\/posts\/13997"}],"collection":[{"href":"https:\/\/gobernacionaltaverapaz.gob.gt\/index.php?rest_route=\/wp\/v2\/posts"}],"about":[{"href":"https:\/\/gobernacionaltaverapaz.gob.gt\/index.php?rest_route=\/wp\/v2\/types\/post"}],"author":[{"embeddable":true,"href":"https:\/\/gobernacionaltaverapaz.gob.gt\/index.php?rest_route=\/wp\/v2\/users\/1"}],"replies":[{"embeddable":true,"href":"https:\/\/gobernacionaltaverapaz.gob.gt\/index.php?rest_route=%2Fwp%2Fv2%2Fcomments&post=13997"}],"version-history":[{"count":2,"href":"https:\/\/gobernacionaltaverapaz.gob.gt\/index.php?rest_route=\/wp\/v2\/posts\/13997\/revisions"}],"predecessor-version":[{"id":13999,"href":"https:\/\/gobernacionaltaverapaz.gob.gt\/index.php?rest_route=\/wp\/v2\/posts\/13997\/revisions\/13999"}],"wp:featuredmedia":[{"embeddable":true,"href":"https:\/\/gobernacionaltaverapaz.gob.gt\/index.php?rest_route=\/wp\/v2\/media\/13992"}],"wp:attachment":[{"href":"https:\/\/gobernacionaltaverapaz.gob.gt\/index.php?rest_route=%2Fwp%2Fv2%2Fmedia&parent=13997"}],"wp:term":[{"taxonomy":"category","embeddable":true,"href":"https:\/\/gobernacionaltaverapaz.gob.gt\/index.php?rest_route=%2Fwp%2Fv2%2Fcategories&post=13997"},{"taxonomy":"post_tag","embeddable":true,"href":"https:\/\/gobernacionaltaverapaz.gob.gt\/index.php?rest_route=%2Fwp%2Fv2%2Ftags&post=13997"}],"curies":[{"name":"wp","href":"https:\/\/api.w.org\/{rel}","templated":true}]}}