{"id":14014,"date":"2022-11-22T16:40:17","date_gmt":"2022-11-22T22:40:17","guid":{"rendered":"https:\/\/gobernacionaltaverapaz.gob.gt\/?p=14014"},"modified":"2022-12-07T12:00:37","modified_gmt":"2022-12-07T18:00:37","slug":"reunin-con-el-comit-de-artesanos-cobaneros-integrantes-de-la-red-de-emprendedores","status":"publish","type":"post","link":"https:\/\/gobernacionaltaverapaz.gob.gt\/?p=14014","title":{"rendered":"Reuni\u00f3n con el comit\u00e9 de Artesanos Cobaneros e integrantes de la Red de Emprendedores"},"content":{"rendered":"<p style=\"text-align: justify;\"><span class=\"x193iq5w xeuugli x13faqbe x1vvkbs x1xmvt09 x1lliihq x1s928wv xhkezso x1gmr53x x1cpjm7i x1fgarty x1943h6x xudqn12 x3x7a5m x6prxxf xvq8zen xo1l8bm xzsf02u x1yc453h\" dir=\"auto\">Dr. Fernando Rodr\u00edguez Klarck, gobernador de Alta Verapaz, sostuvo reuni\u00f3n con el comit\u00e9 de Artesanos Cobaneros e integrantes de la Red de Emprendedores las Verapaces, con la finalidad de establecer de manera conjunta acciones que favorezcan la econom\u00eda de los artesanos del departamento, mediante el trabajo estrat\u00e9gico y organizado. <\/span><\/p>\n<p>&nbsp;<\/p>\n<div><\/div>\n","protected":false},"excerpt":{"rendered":"<p>Dr. Fernando Rodr\u00edguez Klarck, gobernador de Alta Verapaz, sostuvo reuni\u00f3n con el comit\u00e9 de Artesanos Cobaneros e integrantes de la Red de Emprendedores las Verapaces, con la finalidad de establecer de manera conjunta acciones que favorezcan la econom\u00eda de los artesanos del departamento, mediante el trabajo estrat\u00e9gico y organizado. &nbsp;<\/p>\n","protected":false},"author":1,"featured_media":14010,"comment_status":"closed","ping_status":"open","sticky":false,"template":"","format":"gallery","meta":[],"categories":[194],"tags":[178],"_links":{"self":[{"href":"https:\/\/gobernacionaltaverapaz.gob.gt\/index.php?rest_route=\/wp\/v2\/posts\/14014"}],"collection":[{"href":"https:\/\/gobernacionaltaverapaz.gob.gt\/index.php?rest_route=\/wp\/v2\/posts"}],"about":[{"href":"https:\/\/gobernacionaltaverapaz.gob.gt\/index.php?rest_route=\/wp\/v2\/types\/post"}],"author":[{"embeddable":true,"href":"https:\/\/gobernacionaltaverapaz.gob.gt\/index.php?rest_route=\/wp\/v2\/users\/1"}],"replies":[{"embeddable":true,"href":"https:\/\/gobernacionaltaverapaz.gob.gt\/index.php?rest_route=%2Fwp%2Fv2%2Fcomments&post=14014"}],"version-history":[{"count":1,"href":"https:\/\/gobernacionaltaverapaz.gob.gt\/index.php?rest_route=\/wp\/v2\/posts\/14014\/revisions"}],"predecessor-version":[{"id":14015,"href":"https:\/\/gobernacionaltaverapaz.gob.gt\/index.php?rest_route=\/wp\/v2\/posts\/14014\/revisions\/14015"}],"wp:featuredmedia":[{"embeddable":true,"href":"https:\/\/gobernacionaltaverapaz.gob.gt\/index.php?rest_route=\/wp\/v2\/media\/14010"}],"wp:attachment":[{"href":"https:\/\/gobernacionaltaverapaz.gob.gt\/index.php?rest_route=%2Fwp%2Fv2%2Fmedia&parent=14014"}],"wp:term":[{"taxonomy":"category","embeddable":true,"href":"https:\/\/gobernacionaltaverapaz.gob.gt\/index.php?rest_route=%2Fwp%2Fv2%2Fcategories&post=14014"},{"taxonomy":"post_tag","embeddable":true,"href":"https:\/\/gobernacionaltaverapaz.gob.gt\/index.php?rest_route=%2Fwp%2Fv2%2Ftags&post=14014"}],"curies":[{"name":"wp","href":"https:\/\/api.w.org\/{rel}","templated":true}]}}