{"id":14029,"date":"2022-11-25T12:29:45","date_gmt":"2022-11-25T18:29:45","guid":{"rendered":"https:\/\/gobernacionaltaverapaz.gob.gt\/?p=14029"},"modified":"2022-12-07T12:37:06","modified_gmt":"2022-12-07T18:37:06","slug":"reunin-ordinaria-del-consejo-departamental-de-desarrollo-de-alta-verapaz","status":"publish","type":"post","link":"https:\/\/gobernacionaltaverapaz.gob.gt\/?p=14029","title":{"rendered":"Reuni\u00f3n Ordinaria del Consejo Departamental de Desarrollo de Alta Verapaz"},"content":{"rendered":"<div class=\"x11i5rnm xat24cr x1mh8g0r x1vvkbs xtlvy1s x126k92a\">\n<div dir=\"auto\" style=\"text-align: justify;\">Dr. Fernando Rodr\u00edguez Klarck, Gobernador de Alta Verapaz, presidi\u00f3 sesi\u00f3n Ordinaria del <a class=\"x1i10hfl xjbqb8w x6umtig x1b1mbwd xaqea5y xav7gou x9f619 x1ypdohk xt0psk2 xe8uvvx xdj266r x11i5rnm xat24cr x1mh8g0r xexx8yu x4uap5 x18d9i69 xkhd6sd x16tdsg8 x1hl2dhg xggy1nq x1a2a7pz xt0b8zv x1qq9wsj xo1l8bm\" tabindex=\"0\" role=\"link\" href=\"https:\/\/www.facebook.com\/codede.av.7?__cft__[0]=AZU-XKcu7lYZ8WLqEaFNKapGhCP9QDT-1XwgXtIFWfyimjoQ0eWOGRGCIyyx0oy6u-IWFca8N_MChpp4RZE9skWt2kOHxosG5B1jU0-SHsiIYBDr-r4ReHN6T4IKvFVcG8ByX1RLgt0vHUaRta-6rcD-5Ng5bYB_h9iReGzR5QaNgTnf8yz5h1808-hNGz3oUUk&amp;__tn__=-]K-R\"><span class=\"xt0psk2\">Codede AV<\/span><\/a>, en compa\u00f1\u00eda de la Lcda. Romelia cal, secretaria de este consejo, Lcda. \u00c1ngela Alvarado Ten\u00ed, Directora Ejecutiva del Consejo Departamental de Desarrollo, Alcaldes Municipales e Instituciones gubernamentales y no gubernamentales.<\/div>\n<\/div>\n<div class=\"x11i5rnm xat24cr x1mh8g0r x1vvkbs xtlvy1s x126k92a\" style=\"text-align: justify;\">\n<div dir=\"auto\">Con la finalidad de:<\/div>\n<\/div>\n<div class=\"x11i5rnm xat24cr x1mh8g0r x1vvkbs xtlvy1s x126k92a\" style=\"text-align: justify;\">\n<div dir=\"auto\">Socializar el Informe de Avances F\u00edsicos y Financieros de Proyectos 2022 IVA PAZ.<\/div>\n<\/div>\n<div class=\"x11i5rnm xat24cr x1mh8g0r x1vvkbs xtlvy1s x126k92a\" style=\"text-align: justify;\">\n<div dir=\"auto\">Exponer el Informe de Proyectos 2023, resaltando que de noventa y cuatro proyectos programados para el ejercicio fiscal 2023, veintiuno han sido aprobados, seis se encuentran en revisi\u00f3n y a veinticinco se le est\u00e1n atendiendo observaciones.<\/div>\n<\/div>\n<div class=\"x11i5rnm xat24cr x1mh8g0r x1vvkbs xtlvy1s x126k92a\" style=\"text-align: justify;\">\n<div dir=\"auto\">Socializar la Pol\u00edtica Nacional de Ordenamiento Territorial \u2013 PNOT- y su Plan de Acci\u00f3n.<\/div>\n<\/div>\n<div class=\"x11i5rnm xat24cr x1mh8g0r x1vvkbs xtlvy1s x126k92a\" style=\"text-align: justify;\">\n<div dir=\"auto\">Dentro de los Acuerdos de la reuni\u00f3n se establecen:<\/div>\n<\/div>\n<div class=\"x11i5rnm xat24cr x1mh8g0r x1vvkbs xtlvy1s x126k92a\" style=\"text-align: justify;\">\n<div dir=\"auto\">La Direcci\u00f3n Ejecutiva deber\u00e1 notificar por escrito a las municipalidades, pendientes de presentar documentaci\u00f3n para liquidar, recepcionar y finalizar proyectos de arrastre.<\/div>\n<\/div>\n<div class=\"x11i5rnm xat24cr x1mh8g0r x1vvkbs xtlvy1s x126k92a\" style=\"text-align: justify;\">\n<div dir=\"auto\">Dar seguimiento a la mesa conformada por la problem\u00e1tica de cardamomo por parte del delegado del \u2013MAGA-<\/div>\n<\/div>\n<div class=\"x11i5rnm xat24cr x1mh8g0r x1vvkbs xtlvy1s x126k92a\">\n<div dir=\"auto\" style=\"text-align: justify;\">Socializar la Pol\u00edtica Nacional de Ordenamiento Territorial \u2013 PNOT- y su Plan de Acci\u00f3n a nivel municipal por parte del \u2013MAGA-.<\/div>\n<\/div>\n<div dir=\"auto\"><\/div>\n<div dir=\"auto\"><\/div>\n<div dir=\"auto\"><\/div>\n<div dir=\"auto\">\n<div><\/div>\n<\/div>\n<p>&nbsp;<\/p>\n","protected":false},"excerpt":{"rendered":"<p>Dr. Fernando Rodr\u00edguez Klarck, Gobernador de Alta Verapaz, presidi\u00f3 sesi\u00f3n Ordinaria del Codede AV, en compa\u00f1\u00eda de la Lcda. Romelia cal, secretaria de este consejo, Lcda. \u00c1ngela Alvarado Ten\u00ed, Directora Ejecutiva del Consejo Departamental de Desarrollo, Alcaldes Municipales e Instituciones gubernamentales y no gubernamentales. Con la finalidad de: Socializar el Informe de Avances F\u00edsicos y [&hellip;]<\/p>\n","protected":false},"author":1,"featured_media":14024,"comment_status":"closed","ping_status":"open","sticky":false,"template":"","format":"gallery","meta":[],"categories":[194],"tags":[178],"_links":{"self":[{"href":"https:\/\/gobernacionaltaverapaz.gob.gt\/index.php?rest_route=\/wp\/v2\/posts\/14029"}],"collection":[{"href":"https:\/\/gobernacionaltaverapaz.gob.gt\/index.php?rest_route=\/wp\/v2\/posts"}],"about":[{"href":"https:\/\/gobernacionaltaverapaz.gob.gt\/index.php?rest_route=\/wp\/v2\/types\/post"}],"author":[{"embeddable":true,"href":"https:\/\/gobernacionaltaverapaz.gob.gt\/index.php?rest_route=\/wp\/v2\/users\/1"}],"replies":[{"embeddable":true,"href":"https:\/\/gobernacionaltaverapaz.gob.gt\/index.php?rest_route=%2Fwp%2Fv2%2Fcomments&post=14029"}],"version-history":[{"count":1,"href":"https:\/\/gobernacionaltaverapaz.gob.gt\/index.php?rest_route=\/wp\/v2\/posts\/14029\/revisions"}],"predecessor-version":[{"id":14030,"href":"https:\/\/gobernacionaltaverapaz.gob.gt\/index.php?rest_route=\/wp\/v2\/posts\/14029\/revisions\/14030"}],"wp:featuredmedia":[{"embeddable":true,"href":"https:\/\/gobernacionaltaverapaz.gob.gt\/index.php?rest_route=\/wp\/v2\/media\/14024"}],"wp:attachment":[{"href":"https:\/\/gobernacionaltaverapaz.gob.gt\/index.php?rest_route=%2Fwp%2Fv2%2Fmedia&parent=14029"}],"wp:term":[{"taxonomy":"category","embeddable":true,"href":"https:\/\/gobernacionaltaverapaz.gob.gt\/index.php?rest_route=%2Fwp%2Fv2%2Fcategories&post=14029"},{"taxonomy":"post_tag","embeddable":true,"href":"https:\/\/gobernacionaltaverapaz.gob.gt\/index.php?rest_route=%2Fwp%2Fv2%2Ftags&post=14029"}],"curies":[{"name":"wp","href":"https:\/\/api.w.org\/{rel}","templated":true}]}}