{"id":14047,"date":"2022-11-29T14:39:02","date_gmt":"2022-11-29T20:39:02","guid":{"rendered":"https:\/\/gobernacionaltaverapaz.gob.gt\/?p=14047"},"modified":"2022-12-07T14:20:16","modified_gmt":"2022-12-07T20:20:16","slug":"se-realiz-de-forma-pacfica-desalojo-en-finca-shitum-de-san-miguel-tucur","status":"publish","type":"post","link":"https:\/\/gobernacionaltaverapaz.gob.gt\/?p=14047","title":{"rendered":"Se realiz\u00f3 de forma pac\u00edfica un desalojo en finca Shitum de San Miguel Tucur\u00fa"},"content":{"rendered":"<p style=\"text-align: justify;\"><span class=\"x193iq5w xeuugli x13faqbe x1vvkbs x1xmvt09 x1lliihq x1s928wv xhkezso x1gmr53x x1cpjm7i x1fgarty x1943h6x xudqn12 x3x7a5m x6prxxf xvq8zen xo1l8bm xzsf02u x1yc453h\" dir=\"auto\">Dr. Fernando Rodr\u00edguez Klarck, gobernador departamental, acompa\u00f1o a Autoridades Judiciales, Procuradur\u00eda de los Derechos Humanos, Ministerio Publico, Polic\u00eda Nacional Civil, y Comisi\u00f3n Presidencial por la paz COPADEH. Para darle cumplimiento a la Sentencia de ejecuci\u00f3n de Juez competente; del DESALOJO en la Finca Shitum de San Miguel Tucur\u00fa, Alta Verapaz. Diligencia que se efectu\u00f3 pac\u00edficamente, cumpliendo con todos los protocolos nacionales e internacionales, notificando y dialogando inicialmente, con las personas que ocupaban ilegalmente la finca, respetando sus garant\u00edas constitucionales y d\u00e1ndole cumplimiento como corresponde, al debido proceso.<\/span><\/p>\n<p>&nbsp;<\/p>\n<div><\/div>\n<div>\n<div><\/div>\n<\/div>\n","protected":false},"excerpt":{"rendered":"<p>Dr. Fernando Rodr\u00edguez Klarck, gobernador departamental, acompa\u00f1o a Autoridades Judiciales, Procuradur\u00eda de los Derechos Humanos, Ministerio Publico, Polic\u00eda Nacional Civil, y Comisi\u00f3n Presidencial por la paz COPADEH. Para darle cumplimiento a la Sentencia de ejecuci\u00f3n de Juez competente; del DESALOJO en la Finca Shitum de San Miguel Tucur\u00fa, Alta Verapaz. Diligencia que se efectu\u00f3 pac\u00edficamente, [&hellip;]<\/p>\n","protected":false},"author":1,"featured_media":14048,"comment_status":"closed","ping_status":"open","sticky":false,"template":"","format":"gallery","meta":[],"categories":[183],"tags":[178],"_links":{"self":[{"href":"https:\/\/gobernacionaltaverapaz.gob.gt\/index.php?rest_route=\/wp\/v2\/posts\/14047"}],"collection":[{"href":"https:\/\/gobernacionaltaverapaz.gob.gt\/index.php?rest_route=\/wp\/v2\/posts"}],"about":[{"href":"https:\/\/gobernacionaltaverapaz.gob.gt\/index.php?rest_route=\/wp\/v2\/types\/post"}],"author":[{"embeddable":true,"href":"https:\/\/gobernacionaltaverapaz.gob.gt\/index.php?rest_route=\/wp\/v2\/users\/1"}],"replies":[{"embeddable":true,"href":"https:\/\/gobernacionaltaverapaz.gob.gt\/index.php?rest_route=%2Fwp%2Fv2%2Fcomments&post=14047"}],"version-history":[{"count":2,"href":"https:\/\/gobernacionaltaverapaz.gob.gt\/index.php?rest_route=\/wp\/v2\/posts\/14047\/revisions"}],"predecessor-version":[{"id":14053,"href":"https:\/\/gobernacionaltaverapaz.gob.gt\/index.php?rest_route=\/wp\/v2\/posts\/14047\/revisions\/14053"}],"wp:featuredmedia":[{"embeddable":true,"href":"https:\/\/gobernacionaltaverapaz.gob.gt\/index.php?rest_route=\/wp\/v2\/media\/14048"}],"wp:attachment":[{"href":"https:\/\/gobernacionaltaverapaz.gob.gt\/index.php?rest_route=%2Fwp%2Fv2%2Fmedia&parent=14047"}],"wp:term":[{"taxonomy":"category","embeddable":true,"href":"https:\/\/gobernacionaltaverapaz.gob.gt\/index.php?rest_route=%2Fwp%2Fv2%2Fcategories&post=14047"},{"taxonomy":"post_tag","embeddable":true,"href":"https:\/\/gobernacionaltaverapaz.gob.gt\/index.php?rest_route=%2Fwp%2Fv2%2Ftags&post=14047"}],"curies":[{"name":"wp","href":"https:\/\/api.w.org\/{rel}","templated":true}]}}