{"id":14061,"date":"2022-11-30T14:10:40","date_gmt":"2022-11-30T20:10:40","guid":{"rendered":"https:\/\/gobernacionaltaverapaz.gob.gt\/?p=14061"},"modified":"2022-12-07T14:50:00","modified_gmt":"2022-12-07T20:50:00","slug":"inauguracin-oficial-del-edificio-del-instituto-diversificado-aldea-tanch","status":"publish","type":"post","link":"https:\/\/gobernacionaltaverapaz.gob.gt\/?p=14061","title":{"rendered":"Inauguraci\u00f3n oficial del edificio del Instituto Diversificado Aldea Tanch\u00ed"},"content":{"rendered":"<div dir=\"auto\" style=\"text-align: justify;\">Dr. Fernando Rodr\u00edguez Klarck, Gobernador de Alta Verapaz, en compa\u00f1\u00eda del Jefe Edil del municipio de San pedro Carch\u00e1 y Autoridades municipales, llevaron a cabo la inauguraci\u00f3n oficial del edificio del Instituto Diversificado Aldea Tanch\u00ed, San Pedro Carch\u00e1, Alta Verapaz.<\/div>\n<div dir=\"auto\" style=\"text-align: justify;\">La poblaci\u00f3n estudiantil de la Aldea tanch\u00ed, contar\u00e1 con un nuevo edificio educativo, mismo que consta de nueve aulas primer y segundo nivel, laboratorio de computaci\u00f3n, oficinas, servicios sanitarios, corredor c\u00edvico, rampa y un m\u00f3dulo de gradas. Instalaciones que cuentan con la dotaci\u00f3n de mobiliario y equipo necesario, con el fin de garantizar que los estudiantes y catedr\u00e1ticos cuenten con las herramientas necesarias para el proceso ense\u00f1anza-aprendizaje y coadyuvar con el progreso de la comunidad.<\/div>\n<div dir=\"auto\"><\/div>\n<div dir=\"auto\"><\/div>\n<div dir=\"auto\"><\/div>\n<div dir=\"auto\"><\/div>\n<div dir=\"auto\">\n<div><\/div>\n<\/div>\n<p>&nbsp;<\/p>\n","protected":false},"excerpt":{"rendered":"<p>Dr. Fernando Rodr\u00edguez Klarck, Gobernador de Alta Verapaz, en compa\u00f1\u00eda del Jefe Edil del municipio de San pedro Carch\u00e1 y Autoridades municipales, llevaron a cabo la inauguraci\u00f3n oficial del edificio del Instituto Diversificado Aldea Tanch\u00ed, San Pedro Carch\u00e1, Alta Verapaz. La poblaci\u00f3n estudiantil de la Aldea tanch\u00ed, contar\u00e1 con un nuevo edificio educativo, mismo que [&hellip;]<\/p>\n","protected":false},"author":1,"featured_media":14058,"comment_status":"closed","ping_status":"open","sticky":false,"template":"","format":"gallery","meta":[],"categories":[195],"tags":[178],"_links":{"self":[{"href":"https:\/\/gobernacionaltaverapaz.gob.gt\/index.php?rest_route=\/wp\/v2\/posts\/14061"}],"collection":[{"href":"https:\/\/gobernacionaltaverapaz.gob.gt\/index.php?rest_route=\/wp\/v2\/posts"}],"about":[{"href":"https:\/\/gobernacionaltaverapaz.gob.gt\/index.php?rest_route=\/wp\/v2\/types\/post"}],"author":[{"embeddable":true,"href":"https:\/\/gobernacionaltaverapaz.gob.gt\/index.php?rest_route=\/wp\/v2\/users\/1"}],"replies":[{"embeddable":true,"href":"https:\/\/gobernacionaltaverapaz.gob.gt\/index.php?rest_route=%2Fwp%2Fv2%2Fcomments&post=14061"}],"version-history":[{"count":1,"href":"https:\/\/gobernacionaltaverapaz.gob.gt\/index.php?rest_route=\/wp\/v2\/posts\/14061\/revisions"}],"predecessor-version":[{"id":14062,"href":"https:\/\/gobernacionaltaverapaz.gob.gt\/index.php?rest_route=\/wp\/v2\/posts\/14061\/revisions\/14062"}],"wp:featuredmedia":[{"embeddable":true,"href":"https:\/\/gobernacionaltaverapaz.gob.gt\/index.php?rest_route=\/wp\/v2\/media\/14058"}],"wp:attachment":[{"href":"https:\/\/gobernacionaltaverapaz.gob.gt\/index.php?rest_route=%2Fwp%2Fv2%2Fmedia&parent=14061"}],"wp:term":[{"taxonomy":"category","embeddable":true,"href":"https:\/\/gobernacionaltaverapaz.gob.gt\/index.php?rest_route=%2Fwp%2Fv2%2Fcategories&post=14061"},{"taxonomy":"post_tag","embeddable":true,"href":"https:\/\/gobernacionaltaverapaz.gob.gt\/index.php?rest_route=%2Fwp%2Fv2%2Ftags&post=14061"}],"curies":[{"name":"wp","href":"https:\/\/api.w.org\/{rel}","templated":true}]}}