{"id":14066,"date":"2022-11-30T15:54:37","date_gmt":"2022-11-30T21:54:37","guid":{"rendered":"https:\/\/gobernacionaltaverapaz.gob.gt\/?p=14066"},"modified":"2022-12-07T15:09:30","modified_gmt":"2022-12-07T21:09:30","slug":"mesa-tcnica-permanente-de-prevencin-de-la-violencia-contra-la-mujer","status":"publish","type":"post","link":"https:\/\/gobernacionaltaverapaz.gob.gt\/?p=14066","title":{"rendered":"Mesa T\u00e9cnica Permanente de Prevenci\u00f3n de la Violencia contra la Mujer"},"content":{"rendered":"<p style=\"text-align: justify;\"><span class=\"x193iq5w xeuugli x13faqbe x1vvkbs x1xmvt09 x1lliihq x1s928wv xhkezso x1gmr53x x1cpjm7i x1fgarty x1943h6x xudqn12 x3x7a5m x6prxxf xvq8zen xo1l8bm xzsf02u x1yc453h\" dir=\"auto\">Dr. Fernando Rodr\u00edguez Klarck, gobernador departamental, dirigi\u00f3 reuni\u00f3n en compa\u00f1\u00eda de integrantes de la Mesa T\u00e9cnica Permanente de Prevenci\u00f3n de la Violencia contra la Mujer; Direcci\u00f3n de An\u00e1lisis Criminal, Ministerio P\u00fablico de Guatemala, <a class=\"x1i10hfl xjbqb8w x6umtig x1b1mbwd xaqea5y xav7gou x9f619 x1ypdohk xt0psk2 xe8uvvx xdj266r x11i5rnm xat24cr x1mh8g0r xexx8yu x4uap5 x18d9i69 xkhd6sd x16tdsg8 x1hl2dhg xggy1nq x1a2a7pz xt0b8zv x1qq9wsj xo1l8bm\" tabindex=\"0\" role=\"link\" href=\"https:\/\/www.facebook.com\/UPCVGuatemala\/?__cft__[0]=AZVFjt_bmw1FmNl-yaAUnJYw45WB89vweoVPi9rraQu0bfEfci8ibAW2M4OB7pVGGW3aWU68-b13nBvZzva-TrWilwKd0Aw9T68KD6UN8GpBeKqlTo7AKShAApROIALNlHirmTHhDwl1OrAA-lY-96GIWuZfEx2JVENwxOeEDcj8RYuDbP7GMpEGHZCuYHVA-vk&amp;__tn__=kK-R\"><span class=\"xt0psk2\">Unidad Para La Prevenci\u00f3n Comunitaria De La Violencia &#8211; UPCV.<\/span><\/a>, Representantes del <a class=\"x1i10hfl xjbqb8w x6umtig x1b1mbwd xaqea5y xav7gou x9f619 x1ypdohk xt0psk2 xe8uvvx xdj266r x11i5rnm xat24cr x1mh8g0r xexx8yu x4uap5 x18d9i69 xkhd6sd x16tdsg8 x1hl2dhg xggy1nq x1a2a7pz xt0b8zv x1qq9wsj xo1l8bm\" tabindex=\"0\" role=\"link\" href=\"https:\/\/www.facebook.com\/paginacunor\/?__cft__[0]=AZVFjt_bmw1FmNl-yaAUnJYw45WB89vweoVPi9rraQu0bfEfci8ibAW2M4OB7pVGGW3aWU68-b13nBvZzva-TrWilwKd0Aw9T68KD6UN8GpBeKqlTo7AKShAApROIALNlHirmTHhDwl1OrAA-lY-96GIWuZfEx2JVENwxOeEDcj8RYuDbP7GMpEGHZCuYHVA-vk&amp;__tn__=kK-R\"><span class=\"xt0psk2\">Centro Universitario del Norte<\/span><\/a> \u2013USAC CUNOR- y <a class=\"x1i10hfl xjbqb8w x6umtig x1b1mbwd xaqea5y xav7gou x9f619 x1ypdohk xt0psk2 xe8uvvx xdj266r x11i5rnm xat24cr x1mh8g0r xexx8yu x4uap5 x18d9i69 xkhd6sd x16tdsg8 x1hl2dhg xggy1nq x1a2a7pz xt0b8zv x1qq9wsj xo1l8bm\" tabindex=\"0\" role=\"link\" href=\"https:\/\/www.facebook.com\/SEPREM?__cft__[0]=AZVFjt_bmw1FmNl-yaAUnJYw45WB89vweoVPi9rraQu0bfEfci8ibAW2M4OB7pVGGW3aWU68-b13nBvZzva-TrWilwKd0Aw9T68KD6UN8GpBeKqlTo7AKShAApROIALNlHirmTHhDwl1OrAA-lY-96GIWuZfEx2JVENwxOeEDcj8RYuDbP7GMpEGHZCuYHVA-vk&amp;__tn__=-]K-R\"><span class=\"xt0psk2\">Secretar\u00eda Presidencial de la Mujer, Seprem Guatemala<\/span><\/a>, con la red de directoras municipales de la mujer de alta Verapaz, con la finalidad de abordar derivaci\u00f3n de casos de violencia contra la mujer en el territorio altaverapacense. <\/span><\/p>\n<p>&nbsp;<\/p>\n<div><\/div>\n","protected":false},"excerpt":{"rendered":"<p>Dr. Fernando Rodr\u00edguez Klarck, gobernador departamental, dirigi\u00f3 reuni\u00f3n en compa\u00f1\u00eda de integrantes de la Mesa T\u00e9cnica Permanente de Prevenci\u00f3n de la Violencia contra la Mujer; Direcci\u00f3n de An\u00e1lisis Criminal, Ministerio P\u00fablico de Guatemala, Unidad Para La Prevenci\u00f3n Comunitaria De La Violencia &#8211; UPCV., Representantes del Centro Universitario del Norte \u2013USAC CUNOR- y Secretar\u00eda Presidencial de [&hellip;]<\/p>\n","protected":false},"author":1,"featured_media":14063,"comment_status":"closed","ping_status":"open","sticky":false,"template":"","format":"gallery","meta":[],"categories":[183],"tags":[178],"_links":{"self":[{"href":"https:\/\/gobernacionaltaverapaz.gob.gt\/index.php?rest_route=\/wp\/v2\/posts\/14066"}],"collection":[{"href":"https:\/\/gobernacionaltaverapaz.gob.gt\/index.php?rest_route=\/wp\/v2\/posts"}],"about":[{"href":"https:\/\/gobernacionaltaverapaz.gob.gt\/index.php?rest_route=\/wp\/v2\/types\/post"}],"author":[{"embeddable":true,"href":"https:\/\/gobernacionaltaverapaz.gob.gt\/index.php?rest_route=\/wp\/v2\/users\/1"}],"replies":[{"embeddable":true,"href":"https:\/\/gobernacionaltaverapaz.gob.gt\/index.php?rest_route=%2Fwp%2Fv2%2Fcomments&post=14066"}],"version-history":[{"count":1,"href":"https:\/\/gobernacionaltaverapaz.gob.gt\/index.php?rest_route=\/wp\/v2\/posts\/14066\/revisions"}],"predecessor-version":[{"id":14067,"href":"https:\/\/gobernacionaltaverapaz.gob.gt\/index.php?rest_route=\/wp\/v2\/posts\/14066\/revisions\/14067"}],"wp:featuredmedia":[{"embeddable":true,"href":"https:\/\/gobernacionaltaverapaz.gob.gt\/index.php?rest_route=\/wp\/v2\/media\/14063"}],"wp:attachment":[{"href":"https:\/\/gobernacionaltaverapaz.gob.gt\/index.php?rest_route=%2Fwp%2Fv2%2Fmedia&parent=14066"}],"wp:term":[{"taxonomy":"category","embeddable":true,"href":"https:\/\/gobernacionaltaverapaz.gob.gt\/index.php?rest_route=%2Fwp%2Fv2%2Fcategories&post=14066"},{"taxonomy":"post_tag","embeddable":true,"href":"https:\/\/gobernacionaltaverapaz.gob.gt\/index.php?rest_route=%2Fwp%2Fv2%2Ftags&post=14066"}],"curies":[{"name":"wp","href":"https:\/\/api.w.org\/{rel}","templated":true}]}}