{"id":14077,"date":"2022-12-01T12:32:15","date_gmt":"2022-12-01T18:32:15","guid":{"rendered":"https:\/\/gobernacionaltaverapaz.gob.gt\/?p=14077"},"modified":"2022-12-08T09:25:01","modified_gmt":"2022-12-08T15:25:01","slug":"gobernador-departamental-dirigi-reunin-con-representantes-de-instituciones-gubernamentales","status":"publish","type":"post","link":"https:\/\/gobernacionaltaverapaz.gob.gt\/?p=14077","title":{"rendered":"Gobernador Departamental dirigi\u00f3 reuni\u00f3n con representantes de Instituciones gubernamentales"},"content":{"rendered":"<p style=\"text-align: justify;\"><span class=\"x193iq5w xeuugli x13faqbe x1vvkbs x1xmvt09 x1lliihq x1s928wv xhkezso x1gmr53x x1cpjm7i x1fgarty x1943h6x xudqn12 x3x7a5m x6prxxf xvq8zen xo1l8bm xzsf02u x1yc453h\" dir=\"auto\">Dr. Fernando Rodr\u00edguez Klarck, gobernador departamental, dirigi\u00f3 reuni\u00f3n con representantes de Instituciones gubernamentales; <a class=\"x1i10hfl xjbqb8w x6umtig x1b1mbwd xaqea5y xav7gou x9f619 x1ypdohk xt0psk2 xe8uvvx xdj266r x11i5rnm xat24cr x1mh8g0r xexx8yu x4uap5 x18d9i69 xkhd6sd x16tdsg8 x1hl2dhg xggy1nq x1a2a7pz xt0b8zv x1qq9wsj xo1l8bm\" tabindex=\"0\" role=\"link\" href=\"https:\/\/www.facebook.com\/groups\/898201240989858\/?__cft__[0]=AZVoovWNRPos3ZMgtfEwZ8My2jxSsWPATDDiWNkDyZe6dH4o98M4-RvD4hMqRXle79tikkX7c1nH2T-s-_AP14PzgY_PXVqhwKncZdcFCAJ-24P2Zf1FXg2JD7oMH2vTeiRXPBsaxsddlgJ6sFq5SKqxnS8xZ_jYq2sOgYYtpv1-ORvjYQHrHrym41G8h0IhwWM&amp;__tn__=-UK-R\"><span class=\"xt0psk2\">Pnc Guatemala<\/span><\/a>, <a class=\"x1i10hfl xjbqb8w x6umtig x1b1mbwd xaqea5y xav7gou x9f619 x1ypdohk xt0psk2 xe8uvvx xdj266r x11i5rnm xat24cr x1mh8g0r xexx8yu x4uap5 x18d9i69 xkhd6sd x16tdsg8 x1hl2dhg xggy1nq x1a2a7pz xt0b8zv x1qq9wsj xo1l8bm\" tabindex=\"0\" role=\"link\" href=\"https:\/\/www.facebook.com\/profile.php?id=100069147581797&amp;__cft__[0]=AZVoovWNRPos3ZMgtfEwZ8My2jxSsWPATDDiWNkDyZe6dH4o98M4-RvD4hMqRXle79tikkX7c1nH2T-s-_AP14PzgY_PXVqhwKncZdcFCAJ-24P2Zf1FXg2JD7oMH2vTeiRXPBsaxsddlgJ6sFq5SKqxnS8xZ_jYq2sOgYYtpv1-ORvjYQHrHrym41G8h0IhwWM&amp;__tn__=-]K-R\"><span class=\"xt0psk2\">MARN Guatemala<\/span><\/a>, <a class=\"x1i10hfl xjbqb8w x6umtig x1b1mbwd xaqea5y xav7gou x9f619 x1ypdohk xt0psk2 xe8uvvx xdj266r x11i5rnm xat24cr x1mh8g0r xexx8yu x4uap5 x18d9i69 xkhd6sd x16tdsg8 x1hl2dhg xggy1nq x1a2a7pz xt0b8zv x1qq9wsj xo1l8bm\" tabindex=\"0\" role=\"link\" href=\"https:\/\/www.facebook.com\/PDHgt?__cft__[0]=AZVoovWNRPos3ZMgtfEwZ8My2jxSsWPATDDiWNkDyZe6dH4o98M4-RvD4hMqRXle79tikkX7c1nH2T-s-_AP14PzgY_PXVqhwKncZdcFCAJ-24P2Zf1FXg2JD7oMH2vTeiRXPBsaxsddlgJ6sFq5SKqxnS8xZ_jYq2sOgYYtpv1-ORvjYQHrHrym41G8h0IhwWM&amp;__tn__=-]K-R\"><span class=\"xt0psk2\">Procurador de los Derechos Humanos<\/span><\/a>, <a class=\"x1i10hfl xjbqb8w x6umtig x1b1mbwd xaqea5y xav7gou x9f619 x1ypdohk xt0psk2 xe8uvvx xdj266r x11i5rnm xat24cr x1mh8g0r xexx8yu x4uap5 x18d9i69 xkhd6sd x16tdsg8 x1hl2dhg xggy1nq x1a2a7pz xt0b8zv x1qq9wsj xo1l8bm\" tabindex=\"0\" role=\"link\" href=\"https:\/\/www.facebook.com\/SuperIntendencia-de-Administraci%C3%B3n-Tributaria-SAT-215237695255676\/?__cft__[0]=AZVoovWNRPos3ZMgtfEwZ8My2jxSsWPATDDiWNkDyZe6dH4o98M4-RvD4hMqRXle79tikkX7c1nH2T-s-_AP14PzgY_PXVqhwKncZdcFCAJ-24P2Zf1FXg2JD7oMH2vTeiRXPBsaxsddlgJ6sFq5SKqxnS8xZ_jYq2sOgYYtpv1-ORvjYQHrHrym41G8h0IhwWM&amp;__tn__=kK-R\"><span class=\"xt0psk2\">SuperIntendencia de Administraci\u00f3n Tributaria. SAT.<\/span><\/a>, Fiscal Distrital del Ministerio P\u00fablico de Guatemala, Sexta Brigada de Infanter\u00eda, Divisi\u00f3n Especializada en Investigaci\u00f3n Criminal <a class=\"x1i10hfl xjbqb8w x6umtig x1b1mbwd xaqea5y xav7gou x9f619 x1ypdohk xt0psk2 xe8uvvx xdj266r x11i5rnm xat24cr x1mh8g0r xexx8yu x4uap5 x18d9i69 xkhd6sd x16tdsg8 x1hl2dhg xggy1nq x1a2a7pz xt0b8zv x1qq9wsj xo1l8bm\" tabindex=\"0\" role=\"link\" href=\"https:\/\/www.facebook.com\/hashtag\/deic?__eep__=6&amp;__cft__[0]=AZVoovWNRPos3ZMgtfEwZ8My2jxSsWPATDDiWNkDyZe6dH4o98M4-RvD4hMqRXle79tikkX7c1nH2T-s-_AP14PzgY_PXVqhwKncZdcFCAJ-24P2Zf1FXg2JD7oMH2vTeiRXPBsaxsddlgJ6sFq5SKqxnS8xZ_jYq2sOgYYtpv1-ORvjYQHrHrym41G8h0IhwWM&amp;__tn__=*NK-R\">#DEIC<\/a>-, <a class=\"x1i10hfl xjbqb8w x6umtig x1b1mbwd xaqea5y xav7gou x9f619 x1ypdohk xt0psk2 xe8uvvx xdj266r x11i5rnm xat24cr x1mh8g0r xexx8yu x4uap5 x18d9i69 xkhd6sd x16tdsg8 x1hl2dhg xggy1nq x1a2a7pz xt0b8zv x1qq9wsj xo1l8bm\" tabindex=\"0\" role=\"link\" href=\"https:\/\/www.facebook.com\/MinisteriodeSaludPublicayAsistenciaSocial?__cft__[0]=AZVoovWNRPos3ZMgtfEwZ8My2jxSsWPATDDiWNkDyZe6dH4o98M4-RvD4hMqRXle79tikkX7c1nH2T-s-_AP14PzgY_PXVqhwKncZdcFCAJ-24P2Zf1FXg2JD7oMH2vTeiRXPBsaxsddlgJ6sFq5SKqxnS8xZ_jYq2sOgYYtpv1-ORvjYQHrHrym41G8h0IhwWM&amp;__tn__=-]K-R\"><span class=\"xt0psk2\">Ministerio de Salud P\u00fablica y Asistencia Social<\/span><\/a>, <a class=\"x1i10hfl xjbqb8w x6umtig x1b1mbwd xaqea5y xav7gou x9f619 x1ypdohk xt0psk2 xe8uvvx xdj266r x11i5rnm xat24cr x1mh8g0r xexx8yu x4uap5 x18d9i69 xkhd6sd x16tdsg8 x1hl2dhg xggy1nq x1a2a7pz xt0b8zv x1qq9wsj xo1l8bm\" tabindex=\"0\" role=\"link\" href=\"https:\/\/www.facebook.com\/PGNGuatemalaOficial?__cft__[0]=AZVoovWNRPos3ZMgtfEwZ8My2jxSsWPATDDiWNkDyZe6dH4o98M4-RvD4hMqRXle79tikkX7c1nH2T-s-_AP14PzgY_PXVqhwKncZdcFCAJ-24P2Zf1FXg2JD7oMH2vTeiRXPBsaxsddlgJ6sFq5SKqxnS8xZ_jYq2sOgYYtpv1-ORvjYQHrHrym41G8h0IhwWM&amp;__tn__=-]K-R\"><span class=\"xt0psk2\">PGN Guatemala<\/span><\/a> y Gerencia de Seguridad Ciudadana de la municipalidad de esta cabecera; con la finalidad de establecer las acciones a emprender por parte de la comisi\u00f3n multisectorial de seguridad en el Departamento. <\/span><\/p>\n<p>&nbsp;<\/p>\n<p>&nbsp;<\/p>\n<div><\/div>\n","protected":false},"excerpt":{"rendered":"<p>Dr. Fernando Rodr\u00edguez Klarck, gobernador departamental, dirigi\u00f3 reuni\u00f3n con representantes de Instituciones gubernamentales; Pnc Guatemala, MARN Guatemala, Procurador de los Derechos Humanos, SuperIntendencia de Administraci\u00f3n Tributaria. SAT., Fiscal Distrital del Ministerio P\u00fablico de Guatemala, Sexta Brigada de Infanter\u00eda, Divisi\u00f3n Especializada en Investigaci\u00f3n Criminal #DEIC-, Ministerio de Salud P\u00fablica y Asistencia Social, PGN Guatemala y Gerencia [&hellip;]<\/p>\n","protected":false},"author":1,"featured_media":14074,"comment_status":"closed","ping_status":"open","sticky":false,"template":"","format":"gallery","meta":[],"categories":[194],"tags":[178],"_links":{"self":[{"href":"https:\/\/gobernacionaltaverapaz.gob.gt\/index.php?rest_route=\/wp\/v2\/posts\/14077"}],"collection":[{"href":"https:\/\/gobernacionaltaverapaz.gob.gt\/index.php?rest_route=\/wp\/v2\/posts"}],"about":[{"href":"https:\/\/gobernacionaltaverapaz.gob.gt\/index.php?rest_route=\/wp\/v2\/types\/post"}],"author":[{"embeddable":true,"href":"https:\/\/gobernacionaltaverapaz.gob.gt\/index.php?rest_route=\/wp\/v2\/users\/1"}],"replies":[{"embeddable":true,"href":"https:\/\/gobernacionaltaverapaz.gob.gt\/index.php?rest_route=%2Fwp%2Fv2%2Fcomments&post=14077"}],"version-history":[{"count":1,"href":"https:\/\/gobernacionaltaverapaz.gob.gt\/index.php?rest_route=\/wp\/v2\/posts\/14077\/revisions"}],"predecessor-version":[{"id":14078,"href":"https:\/\/gobernacionaltaverapaz.gob.gt\/index.php?rest_route=\/wp\/v2\/posts\/14077\/revisions\/14078"}],"wp:featuredmedia":[{"embeddable":true,"href":"https:\/\/gobernacionaltaverapaz.gob.gt\/index.php?rest_route=\/wp\/v2\/media\/14074"}],"wp:attachment":[{"href":"https:\/\/gobernacionaltaverapaz.gob.gt\/index.php?rest_route=%2Fwp%2Fv2%2Fmedia&parent=14077"}],"wp:term":[{"taxonomy":"category","embeddable":true,"href":"https:\/\/gobernacionaltaverapaz.gob.gt\/index.php?rest_route=%2Fwp%2Fv2%2Fcategories&post=14077"},{"taxonomy":"post_tag","embeddable":true,"href":"https:\/\/gobernacionaltaverapaz.gob.gt\/index.php?rest_route=%2Fwp%2Fv2%2Ftags&post=14077"}],"curies":[{"name":"wp","href":"https:\/\/api.w.org\/{rel}","templated":true}]}}