{"id":14084,"date":"2022-12-01T12:41:51","date_gmt":"2022-12-01T18:41:51","guid":{"rendered":"https:\/\/gobernacionaltaverapaz.gob.gt\/?p=14084"},"modified":"2022-12-08T09:33:53","modified_gmt":"2022-12-08T15:33:53","slug":"prevencin-de-plagas-incendios-forestales","status":"publish","type":"post","link":"https:\/\/gobernacionaltaverapaz.gob.gt\/?p=14084","title":{"rendered":"Prevenci\u00f3n de Plagas e Incendios Forestales"},"content":{"rendered":"<p style=\"text-align: justify;\"><span class=\"x193iq5w xeuugli x13faqbe x1vvkbs x1xmvt09 x1lliihq x1s928wv xhkezso x1gmr53x x1cpjm7i x1fgarty x1943h6x xudqn12 x3x7a5m x6prxxf xvq8zen xo1l8bm xzsf02u x1yc453h\" dir=\"auto\">El Instituto Nacional de Bosques (INAB) Regi\u00f3n II Las Verapaces e Ixc\u00e1n con el apoyo de Naturaceites lanz\u00f3 la campa\u00f1a de prevenci\u00f3n de plagas e incendios forestales denominada \u201cPrevenir para Conservar\u201d. Entre algunas de las acciones que el INAB realizar\u00e1 para la actual temporada se encuentran capacitaciones sobre plagas y enfermedades forestales; capacitaciones sobre t\u00e9cnicas b\u00e1sicas para control de incendios forestales; apoyo a sistema <a class=\"x1i10hfl xjbqb8w x6umtig x1b1mbwd xaqea5y xav7gou x9f619 x1ypdohk xt0psk2 xe8uvvx xdj266r x11i5rnm xat24cr x1mh8g0r xexx8yu x4uap5 x18d9i69 xkhd6sd x16tdsg8 x1hl2dhg xggy1nq x1a2a7pz xt0b8zv x1qq9wsj xo1l8bm\" tabindex=\"0\" role=\"link\" href=\"https:\/\/www.facebook.com\/hashtag\/conred?__eep__=6&amp;__cft__[0]=AZUN1NUbg1KKC6eKiPIoOHACG8nNenxNVlDcJhOuM6yL_Y_BWU42rxU2bzen13DLLukuzYvs0L7g5eVUImIL6ilAAnu5Z4ebHFFfsvpxnRC_dZD9X1PeHaayJ7zCNEqA0Gf8sgUUCY3zqnGC5SEdOry8xshq6H43d1edFeU6whZ5Ea4eWjAt_VqAMN2uX6L7Ppg&amp;__tn__=*NK-R\">#CONRED<\/a> para control de incendios forestales; monitoreos en distintos escenarios de bosques para la detecci\u00f3n temprana de plagas forestales; asistencia t\u00e9cnica a los usuarios del INAB para control de plagas forestales; sistemas de monitoreo de alerta temprana para plagas e incendios forestales; monitoreo de medidas de protecci\u00f3n forestal en las \u00e1reas administradas por INAB; fortalecimiento de capacidades a personal t\u00e9cnico interinstitucional en prevenci\u00f3n, detecci\u00f3n, supresi\u00f3n y liquidaci\u00f3n de incendios forestales.<\/span><\/p>\n<p>&nbsp;<\/p>\n<p>&nbsp;<\/p>\n<p>&nbsp;<\/p>\n<div><\/div>\n","protected":false},"excerpt":{"rendered":"<p>El Instituto Nacional de Bosques (INAB) Regi\u00f3n II Las Verapaces e Ixc\u00e1n con el apoyo de Naturaceites lanz\u00f3 la campa\u00f1a de prevenci\u00f3n de plagas e incendios forestales denominada \u201cPrevenir para Conservar\u201d. Entre algunas de las acciones que el INAB realizar\u00e1 para la actual temporada se encuentran capacitaciones sobre plagas y enfermedades forestales; capacitaciones sobre t\u00e9cnicas [&hellip;]<\/p>\n","protected":false},"author":1,"featured_media":14080,"comment_status":"closed","ping_status":"open","sticky":false,"template":"","format":"gallery","meta":[],"categories":[6],"tags":[178],"_links":{"self":[{"href":"https:\/\/gobernacionaltaverapaz.gob.gt\/index.php?rest_route=\/wp\/v2\/posts\/14084"}],"collection":[{"href":"https:\/\/gobernacionaltaverapaz.gob.gt\/index.php?rest_route=\/wp\/v2\/posts"}],"about":[{"href":"https:\/\/gobernacionaltaverapaz.gob.gt\/index.php?rest_route=\/wp\/v2\/types\/post"}],"author":[{"embeddable":true,"href":"https:\/\/gobernacionaltaverapaz.gob.gt\/index.php?rest_route=\/wp\/v2\/users\/1"}],"replies":[{"embeddable":true,"href":"https:\/\/gobernacionaltaverapaz.gob.gt\/index.php?rest_route=%2Fwp%2Fv2%2Fcomments&post=14084"}],"version-history":[{"count":1,"href":"https:\/\/gobernacionaltaverapaz.gob.gt\/index.php?rest_route=\/wp\/v2\/posts\/14084\/revisions"}],"predecessor-version":[{"id":14085,"href":"https:\/\/gobernacionaltaverapaz.gob.gt\/index.php?rest_route=\/wp\/v2\/posts\/14084\/revisions\/14085"}],"wp:featuredmedia":[{"embeddable":true,"href":"https:\/\/gobernacionaltaverapaz.gob.gt\/index.php?rest_route=\/wp\/v2\/media\/14080"}],"wp:attachment":[{"href":"https:\/\/gobernacionaltaverapaz.gob.gt\/index.php?rest_route=%2Fwp%2Fv2%2Fmedia&parent=14084"}],"wp:term":[{"taxonomy":"category","embeddable":true,"href":"https:\/\/gobernacionaltaverapaz.gob.gt\/index.php?rest_route=%2Fwp%2Fv2%2Fcategories&post=14084"},{"taxonomy":"post_tag","embeddable":true,"href":"https:\/\/gobernacionaltaverapaz.gob.gt\/index.php?rest_route=%2Fwp%2Fv2%2Ftags&post=14084"}],"curies":[{"name":"wp","href":"https:\/\/api.w.org\/{rel}","templated":true}]}}