{"id":14117,"date":"2022-12-22T12:37:56","date_gmt":"2022-12-22T18:37:56","guid":{"rendered":"https:\/\/gobernacionaltaverapaz.gob.gt\/?p=14117"},"modified":"2022-12-23T12:47:47","modified_gmt":"2022-12-23T18:47:47","slug":"gobernador-departamental-convoc-reunin-mandos-policiales-del-ejrcito-de-guatemala","status":"publish","type":"post","link":"https:\/\/gobernacionaltaverapaz.gob.gt\/?p=14117","title":{"rendered":"Gobernador Departamental convoc\u00f3 a reuni\u00f3n a Mandos Policiales y del Ej\u00e9rcito de Guatemala"},"content":{"rendered":"<div dir=\"auto\" style=\"text-align: justify;\">En cumplimiento a las instrucciones del Sr. Presidente Constitucional de la Republica Dr. <a class=\"x1i10hfl xjbqb8w x6umtig x1b1mbwd xaqea5y xav7gou x9f619 x1ypdohk xt0psk2 xe8uvvx xdj266r x11i5rnm xat24cr x1mh8g0r xexx8yu x4uap5 x18d9i69 xkhd6sd x16tdsg8 x1hl2dhg xggy1nq x1a2a7pz xt0b8zv x1qq9wsj xo1l8bm\" tabindex=\"0\" role=\"link\" href=\"https:\/\/www.facebook.com\/AlejandroGiammattei?__cft__[0]=AZVYVuQhJGY5dJgz4JuCrYa354SqNeUxAX9ERkpdf1DF04xm-jhalKqYYUSXt6Vin8SDnDceLKYebqz2nsLbqouzhYNswJbzCCDXl0fqzcamKMkmJWNQ136P6-hHEk6NgRk69OtCSNhm91s_1Ep6YQHOF8ndQzfTFc_fKoyRW_HKQcAt1G_NrwOxanNYdcyv3wQ&amp;__tn__=-]K-R\"><span class=\"xt0psk2\">Alejandro Giammattei<\/span><\/a>, de proteger la vida y los bienes de las personas, El Dr. Fernando Rodr\u00edguez Klarck, Gobernador Departamental, convoc\u00f3 a reuni\u00f3n a Mandos Policiales y del <a class=\"x1i10hfl xjbqb8w x6umtig x1b1mbwd xaqea5y xav7gou x9f619 x1ypdohk xt0psk2 xe8uvvx xdj266r x11i5rnm xat24cr x1mh8g0r xexx8yu x4uap5 x18d9i69 xkhd6sd x16tdsg8 x1hl2dhg xggy1nq x1a2a7pz xt0b8zv x1qq9wsj xo1l8bm\" tabindex=\"0\" role=\"link\" href=\"https:\/\/www.facebook.com\/Ejercitodeguatemala?__cft__[0]=AZVYVuQhJGY5dJgz4JuCrYa354SqNeUxAX9ERkpdf1DF04xm-jhalKqYYUSXt6Vin8SDnDceLKYebqz2nsLbqouzhYNswJbzCCDXl0fqzcamKMkmJWNQ136P6-hHEk6NgRk69OtCSNhm91s_1Ep6YQHOF8ndQzfTFc_fKoyRW_HKQcAt1G_NrwOxanNYdcyv3wQ&amp;__tn__=-]K-R\"><span class=\"xt0psk2\">Ejercito de Guatemala<\/span><\/a>, as\u00ed como autoridades del Ministerio P\u00fablico y Alcaldes Municipales, con el objeto de poner en marcha El Plan de Seguridad 30-2022, el cual busca disminuir los \u00edndices de criminalidad, fortalecer las acciones de inspecci\u00f3n y registro de personas y veh\u00edculos, aumentar la presencia policial, con incursiones, y recorridos a pie y motorizados. Patrullajes que se realizaran a lo largo de los municipios del departamento en conjunto con la PNC y Ejercito de Guatemala, Estas acciones para contrarrestar los riesgos de hechos delictivos que afecten a la poblaci\u00f3n Altaverapacenses.<\/div>\n<div dir=\"auto\" style=\"text-align: justify;\"><a class=\"x1i10hfl xjbqb8w x6umtig x1b1mbwd xaqea5y xav7gou x9f619 x1ypdohk xt0psk2 xe8uvvx xdj266r x11i5rnm xat24cr x1mh8g0r xexx8yu x4uap5 x18d9i69 xkhd6sd x16tdsg8 x1hl2dhg xggy1nq x1a2a7pz xt0b8zv x1qq9wsj xo1l8bm\" tabindex=\"0\" role=\"link\" href=\"https:\/\/www.facebook.com\/guatemalagob?__cft__[0]=AZVYVuQhJGY5dJgz4JuCrYa354SqNeUxAX9ERkpdf1DF04xm-jhalKqYYUSXt6Vin8SDnDceLKYebqz2nsLbqouzhYNswJbzCCDXl0fqzcamKMkmJWNQ136P6-hHEk6NgRk69OtCSNhm91s_1Ep6YQHOF8ndQzfTFc_fKoyRW_HKQcAt1G_NrwOxanNYdcyv3wQ&amp;__tn__=-]K-R\"><span class=\"xt0psk2\">Gobierno de Guatemala<\/span><\/a><\/div>\n<div dir=\"auto\" style=\"text-align: justify;\"><a class=\"x1i10hfl xjbqb8w x6umtig x1b1mbwd xaqea5y xav7gou x9f619 x1ypdohk xt0psk2 xe8uvvx xdj266r x11i5rnm xat24cr x1mh8g0r xexx8yu x4uap5 x18d9i69 xkhd6sd x16tdsg8 x1hl2dhg xggy1nq x1a2a7pz xt0b8zv x1qq9wsj xo1l8bm\" tabindex=\"0\" role=\"link\" href=\"https:\/\/www.facebook.com\/groups\/898201240989858\/?__cft__[0]=AZVYVuQhJGY5dJgz4JuCrYa354SqNeUxAX9ERkpdf1DF04xm-jhalKqYYUSXt6Vin8SDnDceLKYebqz2nsLbqouzhYNswJbzCCDXl0fqzcamKMkmJWNQ136P6-hHEk6NgRk69OtCSNhm91s_1Ep6YQHOF8ndQzfTFc_fKoyRW_HKQcAt1G_NrwOxanNYdcyv3wQ&amp;__tn__=-UK-R\"><span class=\"xt0psk2\">Pnc Guatemala<\/span><\/a> <a class=\"x1i10hfl xjbqb8w x6umtig x1b1mbwd xaqea5y xav7gou x9f619 x1ypdohk xt0psk2 xe8uvvx xdj266r x11i5rnm xat24cr x1mh8g0r xexx8yu x4uap5 x18d9i69 xkhd6sd x16tdsg8 x1hl2dhg xggy1nq x1a2a7pz xt0b8zv x1qq9wsj xo1l8bm\" tabindex=\"0\" role=\"link\" href=\"https:\/\/www.facebook.com\/Ejercitodeguatemala?__cft__[0]=AZVYVuQhJGY5dJgz4JuCrYa354SqNeUxAX9ERkpdf1DF04xm-jhalKqYYUSXt6Vin8SDnDceLKYebqz2nsLbqouzhYNswJbzCCDXl0fqzcamKMkmJWNQ136P6-hHEk6NgRk69OtCSNhm91s_1Ep6YQHOF8ndQzfTFc_fKoyRW_HKQcAt1G_NrwOxanNYdcyv3wQ&amp;__tn__=-]K-R\"><span class=\"xt0psk2\">Ejercito de Guatemala<\/span><\/a> Ministerio P\u00fablico de Guatemala.<\/div>\n<div dir=\"auto\"><\/div>\n<div dir=\"auto\"><\/div>\n<div dir=\"auto\"><\/div>\n<div dir=\"auto\"><\/div>\n<div dir=\"auto\">\n<div><\/div>\n<\/div>\n<p>&nbsp;<\/p>\n","protected":false},"excerpt":{"rendered":"<p>En cumplimiento a las instrucciones del Sr. Presidente Constitucional de la Republica Dr. Alejandro Giammattei, de proteger la vida y los bienes de las personas, El Dr. Fernando Rodr\u00edguez Klarck, Gobernador Departamental, convoc\u00f3 a reuni\u00f3n a Mandos Policiales y del Ejercito de Guatemala, as\u00ed como autoridades del Ministerio P\u00fablico y Alcaldes Municipales, con el objeto [&hellip;]<\/p>\n","protected":false},"author":1,"featured_media":14111,"comment_status":"closed","ping_status":"open","sticky":false,"template":"","format":"gallery","meta":[],"categories":[194],"tags":[178],"_links":{"self":[{"href":"https:\/\/gobernacionaltaverapaz.gob.gt\/index.php?rest_route=\/wp\/v2\/posts\/14117"}],"collection":[{"href":"https:\/\/gobernacionaltaverapaz.gob.gt\/index.php?rest_route=\/wp\/v2\/posts"}],"about":[{"href":"https:\/\/gobernacionaltaverapaz.gob.gt\/index.php?rest_route=\/wp\/v2\/types\/post"}],"author":[{"embeddable":true,"href":"https:\/\/gobernacionaltaverapaz.gob.gt\/index.php?rest_route=\/wp\/v2\/users\/1"}],"replies":[{"embeddable":true,"href":"https:\/\/gobernacionaltaverapaz.gob.gt\/index.php?rest_route=%2Fwp%2Fv2%2Fcomments&post=14117"}],"version-history":[{"count":1,"href":"https:\/\/gobernacionaltaverapaz.gob.gt\/index.php?rest_route=\/wp\/v2\/posts\/14117\/revisions"}],"predecessor-version":[{"id":14118,"href":"https:\/\/gobernacionaltaverapaz.gob.gt\/index.php?rest_route=\/wp\/v2\/posts\/14117\/revisions\/14118"}],"wp:featuredmedia":[{"embeddable":true,"href":"https:\/\/gobernacionaltaverapaz.gob.gt\/index.php?rest_route=\/wp\/v2\/media\/14111"}],"wp:attachment":[{"href":"https:\/\/gobernacionaltaverapaz.gob.gt\/index.php?rest_route=%2Fwp%2Fv2%2Fmedia&parent=14117"}],"wp:term":[{"taxonomy":"category","embeddable":true,"href":"https:\/\/gobernacionaltaverapaz.gob.gt\/index.php?rest_route=%2Fwp%2Fv2%2Fcategories&post=14117"},{"taxonomy":"post_tag","embeddable":true,"href":"https:\/\/gobernacionaltaverapaz.gob.gt\/index.php?rest_route=%2Fwp%2Fv2%2Ftags&post=14117"}],"curies":[{"name":"wp","href":"https:\/\/api.w.org\/{rel}","templated":true}]}}