{"id":14126,"date":"2023-01-05T12:59:08","date_gmt":"2023-01-05T18:59:08","guid":{"rendered":"https:\/\/gobernacionaltaverapaz.gob.gt\/?p=14126"},"modified":"2023-01-09T09:27:17","modified_gmt":"2023-01-09T15:27:17","slug":"reunin-con-jefes-ediles-del-departamento-para-programar-los-proyectos-destinados-para-el-ao-fiscal-2023","status":"publish","type":"post","link":"https:\/\/gobernacionaltaverapaz.gob.gt\/?p=14126","title":{"rendered":"Reuni\u00f3n con jefes ediles del Departamento para programar los proyectos destinados para el a\u00f1o fiscal 2023"},"content":{"rendered":"<p style=\"text-align: justify;\"><span class=\"x193iq5w xeuugli x13faqbe x1vvkbs x1xmvt09 x1lliihq x1s928wv xhkezso x1gmr53x x1cpjm7i x1fgarty x1943h6x xudqn12 x3x7a5m x6prxxf xvq8zen xo1l8bm xzsf02u x1yc453h\" dir=\"auto\"><a class=\"x1i10hfl xjbqb8w x6umtig x1b1mbwd xaqea5y xav7gou x9f619 x1ypdohk xt0psk2 xe8uvvx xdj266r x11i5rnm xat24cr x1mh8g0r xexx8yu x4uap5 x18d9i69 xkhd6sd x16tdsg8 x1hl2dhg xggy1nq x1a2a7pz xt0b8zv x1qq9wsj xo1l8bm\" tabindex=\"0\" role=\"link\" href=\"https:\/\/www.facebook.com\/profile.php?id=100089157907695&amp;__cft__[0]=AZWD8EHcwc6W6TidO6G6gKKSV20jIn7ZI7CtR6LqErKxT9cbME3OiEXgxiplzWqCrWkwHbxcALyOResnjvrx0xky1e2OKeGl7IbmoWM8dBS0rkkEbeAWzYT6N4z3ehgNRTeeAsH4Vc03u6c_J_LZqe8xlmWaCtuTHzIScNN8qbwGzMZvVwqJiYxhYesT1bwFTas&amp;__tn__=-]K-R\"><span class=\"xt0psk2\">Dr. Fernando Rodr\u00edguez Klarck<\/span><\/a>, gobernador de Alta Verapaz, en compa\u00f1\u00eda de la Directora Ejecutiva del <a class=\"x1i10hfl xjbqb8w x6umtig x1b1mbwd xaqea5y xav7gou x9f619 x1ypdohk xt0psk2 xe8uvvx xdj266r x11i5rnm xat24cr x1mh8g0r xexx8yu x4uap5 x18d9i69 xkhd6sd x16tdsg8 x1hl2dhg xggy1nq x1a2a7pz xt0b8zv x1qq9wsj xo1l8bm\" tabindex=\"0\" role=\"link\" href=\"https:\/\/www.facebook.com\/codede.av.7?__cft__[0]=AZWD8EHcwc6W6TidO6G6gKKSV20jIn7ZI7CtR6LqErKxT9cbME3OiEXgxiplzWqCrWkwHbxcALyOResnjvrx0xky1e2OKeGl7IbmoWM8dBS0rkkEbeAWzYT6N4z3ehgNRTeeAsH4Vc03u6c_J_LZqe8xlmWaCtuTHzIScNN8qbwGzMZvVwqJiYxhYesT1bwFTas&amp;__tn__=-]K-R\"><span class=\"xt0psk2\">Codede AV<\/span><\/a>, Lcda. \u00c1ngela Alvarado Ten\u00ed, sostuvieron este d\u00eda reuni\u00f3n con Jefes Ediles del Departamento, con la finalidad de socializar el informe de Ejecuci\u00f3n Presupuestaria del a\u00f1o fiscal 2022, y de esta manera consolidar estrategias, para programar los proyectos destinados para el a\u00f1o fiscal 2023. <\/span><\/p>\n<p>&nbsp;<\/p>\n<div><\/div>\n","protected":false},"excerpt":{"rendered":"<p>Dr. Fernando Rodr\u00edguez Klarck, gobernador de Alta Verapaz, en compa\u00f1\u00eda de la Directora Ejecutiva del Codede AV, Lcda. \u00c1ngela Alvarado Ten\u00ed, sostuvieron este d\u00eda reuni\u00f3n con Jefes Ediles del Departamento, con la finalidad de socializar el informe de Ejecuci\u00f3n Presupuestaria del a\u00f1o fiscal 2022, y de esta manera consolidar estrategias, para programar los proyectos destinados [&hellip;]<\/p>\n","protected":false},"author":1,"featured_media":14121,"comment_status":"closed","ping_status":"open","sticky":false,"template":"","format":"gallery","meta":[],"categories":[183],"tags":[178],"_links":{"self":[{"href":"https:\/\/gobernacionaltaverapaz.gob.gt\/index.php?rest_route=\/wp\/v2\/posts\/14126"}],"collection":[{"href":"https:\/\/gobernacionaltaverapaz.gob.gt\/index.php?rest_route=\/wp\/v2\/posts"}],"about":[{"href":"https:\/\/gobernacionaltaverapaz.gob.gt\/index.php?rest_route=\/wp\/v2\/types\/post"}],"author":[{"embeddable":true,"href":"https:\/\/gobernacionaltaverapaz.gob.gt\/index.php?rest_route=\/wp\/v2\/users\/1"}],"replies":[{"embeddable":true,"href":"https:\/\/gobernacionaltaverapaz.gob.gt\/index.php?rest_route=%2Fwp%2Fv2%2Fcomments&post=14126"}],"version-history":[{"count":1,"href":"https:\/\/gobernacionaltaverapaz.gob.gt\/index.php?rest_route=\/wp\/v2\/posts\/14126\/revisions"}],"predecessor-version":[{"id":14127,"href":"https:\/\/gobernacionaltaverapaz.gob.gt\/index.php?rest_route=\/wp\/v2\/posts\/14126\/revisions\/14127"}],"wp:featuredmedia":[{"embeddable":true,"href":"https:\/\/gobernacionaltaverapaz.gob.gt\/index.php?rest_route=\/wp\/v2\/media\/14121"}],"wp:attachment":[{"href":"https:\/\/gobernacionaltaverapaz.gob.gt\/index.php?rest_route=%2Fwp%2Fv2%2Fmedia&parent=14126"}],"wp:term":[{"taxonomy":"category","embeddable":true,"href":"https:\/\/gobernacionaltaverapaz.gob.gt\/index.php?rest_route=%2Fwp%2Fv2%2Fcategories&post=14126"},{"taxonomy":"post_tag","embeddable":true,"href":"https:\/\/gobernacionaltaverapaz.gob.gt\/index.php?rest_route=%2Fwp%2Fv2%2Ftags&post=14126"}],"curies":[{"name":"wp","href":"https:\/\/api.w.org\/{rel}","templated":true}]}}