{"id":14131,"date":"2023-01-04T16:29:24","date_gmt":"2023-01-04T22:29:24","guid":{"rendered":"https:\/\/gobernacionaltaverapaz.gob.gt\/?p=14131"},"modified":"2023-01-09T09:42:50","modified_gmt":"2023-01-09T15:42:50","slug":"construccin-del-nuevo-hospital-de-cobn-alta-verapaz","status":"publish","type":"post","link":"https:\/\/gobernacionaltaverapaz.gob.gt\/?p=14131","title":{"rendered":"Construcci\u00f3n del Nuevo Hospital de Cob\u00e1n, Alta Verapaz"},"content":{"rendered":"<div dir=\"auto\" style=\"text-align: justify;\"><a class=\"x1i10hfl xjbqb8w x6umtig x1b1mbwd xaqea5y xav7gou x9f619 x1ypdohk xt0psk2 xe8uvvx xdj266r x11i5rnm xat24cr x1mh8g0r xexx8yu x4uap5 x18d9i69 xkhd6sd x16tdsg8 x1hl2dhg xggy1nq x1a2a7pz xt0b8zv x1qq9wsj xo1l8bm\" tabindex=\"0\" role=\"link\" href=\"https:\/\/www.facebook.com\/profile.php?id=100089157907695&amp;__cft__[0]=AZVSXMYX5cdIs4Y0LDSM3b41vVrg2sxFpOWhvgIl3YqOPcHcnNzRwgs3Ccx6iveNoziqIeFCqOn1MomrjQcIgZhahYz6OmCnpVUoE3hpbVpHNj6TmJwOhPi1S_IjhHC2ijc7nEh75nRhmRgwwBWrReo_Y7kMvOb8FdL2Cv_GTb--NMBvMecPzVKl5IEunDd11mw&amp;__tn__=-]K-R\"><span class=\"xt0psk2\">Dr. Fernando Rodr\u00edguez Klarck<\/span><\/a>, gobernador de Alta verapaz, en compa\u00f1ia del <a class=\"x1i10hfl xjbqb8w x6umtig x1b1mbwd xaqea5y xav7gou x9f619 x1ypdohk xt0psk2 xe8uvvx xdj266r x11i5rnm xat24cr x1mh8g0r xexx8yu x4uap5 x18d9i69 xkhd6sd x16tdsg8 x1hl2dhg xggy1nq x1a2a7pz xt0b8zv x1qq9wsj xo1l8bm\" tabindex=\"0\" role=\"link\" href=\"https:\/\/www.facebook.com\/PoloSalazarAV?__cft__[0]=AZVSXMYX5cdIs4Y0LDSM3b41vVrg2sxFpOWhvgIl3YqOPcHcnNzRwgs3Ccx6iveNoziqIeFCqOn1MomrjQcIgZhahYz6OmCnpVUoE3hpbVpHNj6TmJwOhPi1S_IjhHC2ijc7nEh75nRhmRgwwBWrReo_Y7kMvOb8FdL2Cv_GTb--NMBvMecPzVKl5IEunDd11mw&amp;__tn__=-]K-R\"><span class=\"xt0psk2\">Diputado Polo Salazar<\/span><\/a> , visitaron al Sr. Ministro de Salud P\u00fablica y Asistencia Social Dr. Francisco Coma, con la finalidad de darle seguimiento al expediente de traslado del bien al <a class=\"x1i10hfl xjbqb8w x6umtig x1b1mbwd xaqea5y xav7gou x9f619 x1ypdohk xt0psk2 xe8uvvx xdj266r x11i5rnm xat24cr x1mh8g0r xexx8yu x4uap5 x18d9i69 xkhd6sd x16tdsg8 x1hl2dhg xggy1nq x1a2a7pz xt0b8zv x1qq9wsj xo1l8bm\" tabindex=\"0\" role=\"link\" href=\"https:\/\/www.facebook.com\/maga.gt?__cft__[0]=AZVSXMYX5cdIs4Y0LDSM3b41vVrg2sxFpOWhvgIl3YqOPcHcnNzRwgs3Ccx6iveNoziqIeFCqOn1MomrjQcIgZhahYz6OmCnpVUoE3hpbVpHNj6TmJwOhPi1S_IjhHC2ijc7nEh75nRhmRgwwBWrReo_Y7kMvOb8FdL2Cv_GTb--NMBvMecPzVKl5IEunDd11mw&amp;__tn__=-]K-R\"><span class=\"xt0psk2\">Ministerio de Agricultura, Ganader\u00eda y Alimentaci\u00f3n &#8211; MAGA<\/span><\/a>, para la construcci\u00f3n del Nuevo Hospital de Coban, Alta Verapaz.<\/div>\n<div dir=\"auto\" style=\"text-align: justify;\"><a class=\"x1i10hfl xjbqb8w x6umtig x1b1mbwd xaqea5y xav7gou x9f619 x1ypdohk xt0psk2 xe8uvvx xdj266r x11i5rnm xat24cr x1mh8g0r xexx8yu x4uap5 x18d9i69 xkhd6sd x16tdsg8 x1hl2dhg xggy1nq x1a2a7pz xt0b8zv x1qq9wsj xo1l8bm\" tabindex=\"0\" role=\"link\" href=\"https:\/\/www.facebook.com\/hashtag\/juntosvamosporm%C3%A1s?__eep__=6&amp;__cft__[0]=AZVSXMYX5cdIs4Y0LDSM3b41vVrg2sxFpOWhvgIl3YqOPcHcnNzRwgs3Ccx6iveNoziqIeFCqOn1MomrjQcIgZhahYz6OmCnpVUoE3hpbVpHNj6TmJwOhPi1S_IjhHC2ijc7nEh75nRhmRgwwBWrReo_Y7kMvOb8FdL2Cv_GTb--NMBvMecPzVKl5IEunDd11mw&amp;__tn__=*NK-R\">#JuntosVamosPorM\u00e1s<\/a><\/div>\n<div dir=\"auto\"><\/div>\n<div dir=\"auto\"><\/div>\n<div dir=\"auto\"><\/div>\n<div dir=\"auto\">\n<div><\/div>\n<\/div>\n<p>&nbsp;<\/p>\n","protected":false},"excerpt":{"rendered":"<p>Dr. Fernando Rodr\u00edguez Klarck, gobernador de Alta verapaz, en compa\u00f1ia del Diputado Polo Salazar , visitaron al Sr. Ministro de Salud P\u00fablica y Asistencia Social Dr. Francisco Coma, con la finalidad de darle seguimiento al expediente de traslado del bien al Ministerio de Agricultura, Ganader\u00eda y Alimentaci\u00f3n &#8211; MAGA, para la construcci\u00f3n del Nuevo Hospital [&hellip;]<\/p>\n","protected":false},"author":1,"featured_media":14128,"comment_status":"closed","ping_status":"open","sticky":false,"template":"","format":"gallery","meta":[],"categories":[195],"tags":[178],"_links":{"self":[{"href":"https:\/\/gobernacionaltaverapaz.gob.gt\/index.php?rest_route=\/wp\/v2\/posts\/14131"}],"collection":[{"href":"https:\/\/gobernacionaltaverapaz.gob.gt\/index.php?rest_route=\/wp\/v2\/posts"}],"about":[{"href":"https:\/\/gobernacionaltaverapaz.gob.gt\/index.php?rest_route=\/wp\/v2\/types\/post"}],"author":[{"embeddable":true,"href":"https:\/\/gobernacionaltaverapaz.gob.gt\/index.php?rest_route=\/wp\/v2\/users\/1"}],"replies":[{"embeddable":true,"href":"https:\/\/gobernacionaltaverapaz.gob.gt\/index.php?rest_route=%2Fwp%2Fv2%2Fcomments&post=14131"}],"version-history":[{"count":1,"href":"https:\/\/gobernacionaltaverapaz.gob.gt\/index.php?rest_route=\/wp\/v2\/posts\/14131\/revisions"}],"predecessor-version":[{"id":14132,"href":"https:\/\/gobernacionaltaverapaz.gob.gt\/index.php?rest_route=\/wp\/v2\/posts\/14131\/revisions\/14132"}],"wp:featuredmedia":[{"embeddable":true,"href":"https:\/\/gobernacionaltaverapaz.gob.gt\/index.php?rest_route=\/wp\/v2\/media\/14128"}],"wp:attachment":[{"href":"https:\/\/gobernacionaltaverapaz.gob.gt\/index.php?rest_route=%2Fwp%2Fv2%2Fmedia&parent=14131"}],"wp:term":[{"taxonomy":"category","embeddable":true,"href":"https:\/\/gobernacionaltaverapaz.gob.gt\/index.php?rest_route=%2Fwp%2Fv2%2Fcategories&post=14131"},{"taxonomy":"post_tag","embeddable":true,"href":"https:\/\/gobernacionaltaverapaz.gob.gt\/index.php?rest_route=%2Fwp%2Fv2%2Ftags&post=14131"}],"curies":[{"name":"wp","href":"https:\/\/api.w.org\/{rel}","templated":true}]}}