{"id":14148,"date":"2022-12-28T18:50:38","date_gmt":"2022-12-29T00:50:38","guid":{"rendered":"https:\/\/gobernacionaltaverapaz.gob.gt\/?p=14148"},"modified":"2023-01-09T10:38:42","modified_gmt":"2023-01-09T16:38:42","slug":"reunin-con-jefes-institucionales","status":"publish","type":"post","link":"https:\/\/gobernacionaltaverapaz.gob.gt\/?p=14148","title":{"rendered":"Reuni\u00f3n con Jefes Institucionales"},"content":{"rendered":"<p style=\"text-align: justify;\"><span class=\"x193iq5w xeuugli x13faqbe x1vvkbs x1xmvt09 x1lliihq x1s928wv xhkezso x1gmr53x x1cpjm7i x1fgarty x1943h6x xudqn12 x3x7a5m x6prxxf xvq8zen xo1l8bm xzsf02u x1yc453h\" dir=\"auto\"><a class=\"x1i10hfl xjbqb8w x6umtig x1b1mbwd xaqea5y xav7gou x9f619 x1ypdohk xt0psk2 xe8uvvx xdj266r x11i5rnm xat24cr x1mh8g0r xexx8yu x4uap5 x18d9i69 xkhd6sd x16tdsg8 x1hl2dhg xggy1nq x1a2a7pz xt0b8zv x1qq9wsj xo1l8bm\" tabindex=\"0\" role=\"link\" href=\"https:\/\/www.facebook.com\/profile.php?id=100089157907695&amp;__cft__[0]=AZWQX6uJfNSOhrwdMcJZPgk5TehrSjiNNUvky8QGG1SZX3z7NgrkcZFTHTb3h4457mcIJq_uHk3P0zBP2ACAsxktWlGgG_axPMLqsZloZWiJsDOeN-KlvtF0CeTDx50ftM4BhOukXkgs38OnOmtSk0Q7k9rHhhKsUKnjY1GCbxPFnbN_GVAG8K6BsBoJhJ97558&amp;__tn__=-]K-R\"><span class=\"xt0psk2\">Dr. Fernando Rodr\u00edguez Klarck<\/span><\/a>, gobernador departamental, dirigi\u00f3 reuni\u00f3n con jefes Institucionales, que forman parte de la comisi\u00f3n multisectorial de San Cristobal Verapaz, con el objeto de coordinar acciones en cuanto a la seguridad p\u00fablica y ciudadana del referido municipio.<\/span><\/p>\n<p>&nbsp;<\/p>\n<div><\/div>\n","protected":false},"excerpt":{"rendered":"<p>Dr. Fernando Rodr\u00edguez Klarck, gobernador departamental, dirigi\u00f3 reuni\u00f3n con jefes Institucionales, que forman parte de la comisi\u00f3n multisectorial de San Cristobal Verapaz, con el objeto de coordinar acciones en cuanto a la seguridad p\u00fablica y ciudadana del referido municipio. &nbsp;<\/p>\n","protected":false},"author":1,"featured_media":14144,"comment_status":"closed","ping_status":"open","sticky":false,"template":"","format":"gallery","meta":[],"categories":[183],"tags":[178],"_links":{"self":[{"href":"https:\/\/gobernacionaltaverapaz.gob.gt\/index.php?rest_route=\/wp\/v2\/posts\/14148"}],"collection":[{"href":"https:\/\/gobernacionaltaverapaz.gob.gt\/index.php?rest_route=\/wp\/v2\/posts"}],"about":[{"href":"https:\/\/gobernacionaltaverapaz.gob.gt\/index.php?rest_route=\/wp\/v2\/types\/post"}],"author":[{"embeddable":true,"href":"https:\/\/gobernacionaltaverapaz.gob.gt\/index.php?rest_route=\/wp\/v2\/users\/1"}],"replies":[{"embeddable":true,"href":"https:\/\/gobernacionaltaverapaz.gob.gt\/index.php?rest_route=%2Fwp%2Fv2%2Fcomments&post=14148"}],"version-history":[{"count":2,"href":"https:\/\/gobernacionaltaverapaz.gob.gt\/index.php?rest_route=\/wp\/v2\/posts\/14148\/revisions"}],"predecessor-version":[{"id":14150,"href":"https:\/\/gobernacionaltaverapaz.gob.gt\/index.php?rest_route=\/wp\/v2\/posts\/14148\/revisions\/14150"}],"wp:featuredmedia":[{"embeddable":true,"href":"https:\/\/gobernacionaltaverapaz.gob.gt\/index.php?rest_route=\/wp\/v2\/media\/14144"}],"wp:attachment":[{"href":"https:\/\/gobernacionaltaverapaz.gob.gt\/index.php?rest_route=%2Fwp%2Fv2%2Fmedia&parent=14148"}],"wp:term":[{"taxonomy":"category","embeddable":true,"href":"https:\/\/gobernacionaltaverapaz.gob.gt\/index.php?rest_route=%2Fwp%2Fv2%2Fcategories&post=14148"},{"taxonomy":"post_tag","embeddable":true,"href":"https:\/\/gobernacionaltaverapaz.gob.gt\/index.php?rest_route=%2Fwp%2Fv2%2Ftags&post=14148"}],"curies":[{"name":"wp","href":"https:\/\/api.w.org\/{rel}","templated":true}]}}