{"id":14157,"date":"2023-01-11T18:27:57","date_gmt":"2023-01-12T00:27:57","guid":{"rendered":"https:\/\/gobernacionaltaverapaz.gob.gt\/?p=14157"},"modified":"2023-01-17T10:45:48","modified_gmt":"2023-01-17T16:45:48","slug":"contina-brindando-servicios-consulares-coordinando-acciones-para-unir-familias-guatemaltecas","status":"publish","type":"post","link":"https:\/\/gobernacionaltaverapaz.gob.gt\/?p=14157","title":{"rendered":"Servicios consulares y coordinando acciones para unir a familias guatemaltecas"},"content":{"rendered":"<p style=\"text-align: justify;\"><span class=\"x193iq5w xeuugli x13faqbe x1vvkbs x1xmvt09 x1lliihq x1s928wv xhkezso x1gmr53x x1cpjm7i x1fgarty x1943h6x xudqn12 x3x7a5m x6prxxf xvq8zen xo1l8bm xzsf02u x1yc453h\" dir=\"auto\">A trav\u00e9s del Programa de Reunificaci\u00f3n Familiar en el Exterior, el <a class=\"x1i10hfl xjbqb8w x6umtig x1b1mbwd xaqea5y xav7gou x9f619 x1ypdohk xt0psk2 xe8uvvx xdj266r x11i5rnm xat24cr x1mh8g0r xexx8yu x4uap5 x18d9i69 xkhd6sd x16tdsg8 x1hl2dhg xggy1nq x1a2a7pz xt0b8zv x1qq9wsj xo1l8bm\" tabindex=\"0\" role=\"link\" href=\"https:\/\/www.facebook.com\/MinexGuatemala?__cft__[0]=AZXsBFPX_XZxAbJMqvENvMv8P-p5xdagdrI_DUDb6FK_1dtUap9wZ5xhHGoybB-Ddu7BaSuLtMV4mPHl1gfcKOxgqf9kP2M7e4zXccXOwResnYsiJWWLPFUk2f3vCgZcW5VamSneaE-a48YV6Mlf98M4UdQ9IsuPlCn3yyLyUemmitlccaB0fpg7F8fqvRpw7vWUULTh_Hh05VMj4NN6rTLa&amp;__tn__=-]K-y-R\"><span class=\"xt0psk2\">Minex Guatemala<\/span><\/a> contin\u00faa brindando servicios consulares y coordinando acciones para unir a familias guatemaltecas. <\/span><\/p>\n<p>&nbsp;<\/p>\n<p><a href=\"https:\/\/www.facebook.com\/GobernacionAV\/posts\/pfbid0CktEZ1Ug3zy5r3nHwW1ikCRGH8Mfqv1wdzJcokbBDUaygm9XhustQ781WMpB5G6fl?__cft__[0]=AZXsBFPX_XZxAbJMqvENvMv8P-p5xdagdrI_DUDb6FK_1dtUap9wZ5xhHGoybB-Ddu7BaSuLtMV4mPHl1gfcKOxgqf9kP2M7e4zXccXOwResnYsiJWWLPFUk2f3vCgZcW5VamSneaE-a48YV6Mlf98M4UdQ9IsuPlCn3yyLyUemmitlccaB0fpg7F8fqvRpw7vWUULTh_Hh05VMj4NN6rTLa&amp;__tn__=%2CO%2CP-R\"><img decoding=\"async\" loading=\"lazy\" class=\"alignnone wp-image-14158 size-full\" title=\"Ver video en Facebook\" src=\"https:\/\/gobernacionaltaverapaz.gob.gt\/wp-content\/uploads\/2023\/01\/01-6.jpg\" alt=\"\" width=\"900\" height=\"600\" srcset=\"https:\/\/gobernacionaltaverapaz.gob.gt\/wp-content\/uploads\/2023\/01\/01-6.jpg 900w, https:\/\/gobernacionaltaverapaz.gob.gt\/wp-content\/uploads\/2023\/01\/01-6-300x200.jpg 300w, https:\/\/gobernacionaltaverapaz.gob.gt\/wp-content\/uploads\/2023\/01\/01-6-768x512.jpg 768w\" sizes=\"(max-width: 900px) 100vw, 900px\" \/><\/a><\/p>\n","protected":false},"excerpt":{"rendered":"<p>A trav\u00e9s del Programa de Reunificaci\u00f3n Familiar en el Exterior, el Minex Guatemala contin\u00faa brindando servicios consulares y coordinando acciones para unir a familias guatemaltecas. &nbsp;<\/p>\n","protected":false},"author":1,"featured_media":14159,"comment_status":"closed","ping_status":"open","sticky":false,"template":"","format":"video","meta":[],"categories":[183],"tags":[178],"_links":{"self":[{"href":"https:\/\/gobernacionaltaverapaz.gob.gt\/index.php?rest_route=\/wp\/v2\/posts\/14157"}],"collection":[{"href":"https:\/\/gobernacionaltaverapaz.gob.gt\/index.php?rest_route=\/wp\/v2\/posts"}],"about":[{"href":"https:\/\/gobernacionaltaverapaz.gob.gt\/index.php?rest_route=\/wp\/v2\/types\/post"}],"author":[{"embeddable":true,"href":"https:\/\/gobernacionaltaverapaz.gob.gt\/index.php?rest_route=\/wp\/v2\/users\/1"}],"replies":[{"embeddable":true,"href":"https:\/\/gobernacionaltaverapaz.gob.gt\/index.php?rest_route=%2Fwp%2Fv2%2Fcomments&post=14157"}],"version-history":[{"count":2,"href":"https:\/\/gobernacionaltaverapaz.gob.gt\/index.php?rest_route=\/wp\/v2\/posts\/14157\/revisions"}],"predecessor-version":[{"id":14161,"href":"https:\/\/gobernacionaltaverapaz.gob.gt\/index.php?rest_route=\/wp\/v2\/posts\/14157\/revisions\/14161"}],"wp:featuredmedia":[{"embeddable":true,"href":"https:\/\/gobernacionaltaverapaz.gob.gt\/index.php?rest_route=\/wp\/v2\/media\/14159"}],"wp:attachment":[{"href":"https:\/\/gobernacionaltaverapaz.gob.gt\/index.php?rest_route=%2Fwp%2Fv2%2Fmedia&parent=14157"}],"wp:term":[{"taxonomy":"category","embeddable":true,"href":"https:\/\/gobernacionaltaverapaz.gob.gt\/index.php?rest_route=%2Fwp%2Fv2%2Fcategories&post=14157"},{"taxonomy":"post_tag","embeddable":true,"href":"https:\/\/gobernacionaltaverapaz.gob.gt\/index.php?rest_route=%2Fwp%2Fv2%2Ftags&post=14157"}],"curies":[{"name":"wp","href":"https:\/\/api.w.org\/{rel}","templated":true}]}}