{"id":14162,"date":"2023-01-12T15:55:58","date_gmt":"2023-01-12T21:55:58","guid":{"rendered":"https:\/\/gobernacionaltaverapaz.gob.gt\/?p=14162"},"modified":"2023-01-17T10:51:30","modified_gmt":"2023-01-17T16:51:30","slug":"firma-de-la-carta-de-entendimiento-para-la-gestin-descentralizada-de-aprovechamiento-forestal","status":"publish","type":"post","link":"https:\/\/gobernacionaltaverapaz.gob.gt\/?p=14162","title":{"rendered":"Firma de la Carta de Entendimiento para la Gesti\u00f3n Descentralizada de Aprovechamiento Forestal"},"content":{"rendered":"<p style=\"text-align: justify;\"><span class=\"x193iq5w xeuugli x13faqbe x1vvkbs x1xmvt09 x1lliihq x1s928wv xhkezso x1gmr53x x1cpjm7i x1fgarty x1943h6x xudqn12 x3x7a5m x6prxxf xvq8zen xo1l8bm xzsf02u x1yc453h\" dir=\"auto\">El Instituto Nacional de Bosques <a class=\"x1i10hfl xjbqb8w x6umtig x1b1mbwd xaqea5y xav7gou x9f619 x1ypdohk xt0psk2 xe8uvvx xdj266r x11i5rnm xat24cr x1mh8g0r xexx8yu x4uap5 x18d9i69 xkhd6sd x16tdsg8 x1hl2dhg xggy1nq x1a2a7pz xt0b8zv x1qq9wsj xo1l8bm\" tabindex=\"0\" role=\"link\" href=\"https:\/\/www.facebook.com\/hashtag\/inab?__eep__=6&amp;__cft__[0]=AZWQGcRpXeK7L8jYrMEmVjNZOE5c_8qMrCHuPaj3rcdbQ1MLnB2KeKj31q0HpwJv9e3k3zUHUgcmlxz4MDinpXDwh04KSmEPwOD3burwigtVLDB46EmcESGe9lGZ6j_OIAyXVrS8_Bkg04_BzPg1eN8eWcv9bAsjo2EfsG9eu93Va6M_84XtxLA3tgt-rDpimls&amp;__tn__=*NK-R\">#INAB<\/a>, suscribio firma de la Carta de Entendimiento para la Gesti\u00f3n Descentralizada de Aprovechamiento Forestal de Consumo Familiar en el municipio de <a class=\"x1i10hfl xjbqb8w x6umtig x1b1mbwd xaqea5y xav7gou x9f619 x1ypdohk xt0psk2 xe8uvvx xdj266r x11i5rnm xat24cr x1mh8g0r xexx8yu x4uap5 x18d9i69 xkhd6sd x16tdsg8 x1hl2dhg xggy1nq x1a2a7pz xt0b8zv x1qq9wsj xo1l8bm\" tabindex=\"0\" role=\"link\" href=\"https:\/\/www.facebook.com\/hashtag\/panz%C3%B3s?__eep__=6&amp;__cft__[0]=AZWQGcRpXeK7L8jYrMEmVjNZOE5c_8qMrCHuPaj3rcdbQ1MLnB2KeKj31q0HpwJv9e3k3zUHUgcmlxz4MDinpXDwh04KSmEPwOD3burwigtVLDB46EmcESGe9lGZ6j_OIAyXVrS8_Bkg04_BzPg1eN8eWcv9bAsjo2EfsG9eu93Va6M_84XtxLA3tgt-rDpimls&amp;__tn__=*NK-R\">#Panz\u00f3s<\/a> <a class=\"x1i10hfl xjbqb8w x6umtig x1b1mbwd xaqea5y xav7gou x9f619 x1ypdohk xt0psk2 xe8uvvx xdj266r x11i5rnm xat24cr x1mh8g0r xexx8yu x4uap5 x18d9i69 xkhd6sd x16tdsg8 x1hl2dhg xggy1nq x1a2a7pz xt0b8zv x1qq9wsj xo1l8bm\" tabindex=\"0\" role=\"link\" href=\"https:\/\/www.facebook.com\/hashtag\/altaverapaz?__eep__=6&amp;__cft__[0]=AZWQGcRpXeK7L8jYrMEmVjNZOE5c_8qMrCHuPaj3rcdbQ1MLnB2KeKj31q0HpwJv9e3k3zUHUgcmlxz4MDinpXDwh04KSmEPwOD3burwigtVLDB46EmcESGe9lGZ6j_OIAyXVrS8_Bkg04_BzPg1eN8eWcv9bAsjo2EfsG9eu93Va6M_84XtxLA3tgt-rDpimls&amp;__tn__=*NK-R\">#AltaVerapaz<\/a>, la Municipalidad autorizar\u00e1 aprovechamientos forestales de consumos familiares a los vecinos de la localidad, con la asesor\u00eda y seguimiento del <a class=\"x1i10hfl xjbqb8w x6umtig x1b1mbwd xaqea5y xav7gou x9f619 x1ypdohk xt0psk2 xe8uvvx xdj266r x11i5rnm xat24cr x1mh8g0r xexx8yu x4uap5 x18d9i69 xkhd6sd x16tdsg8 x1hl2dhg xggy1nq x1a2a7pz xt0b8zv x1qq9wsj xo1l8bm\" tabindex=\"0\" role=\"link\" href=\"https:\/\/www.facebook.com\/hashtag\/inab?__eep__=6&amp;__cft__[0]=AZWQGcRpXeK7L8jYrMEmVjNZOE5c_8qMrCHuPaj3rcdbQ1MLnB2KeKj31q0HpwJv9e3k3zUHUgcmlxz4MDinpXDwh04KSmEPwOD3burwigtVLDB46EmcESGe9lGZ6j_OIAyXVrS8_Bkg04_BzPg1eN8eWcv9bAsjo2EfsG9eu93Va6M_84XtxLA3tgt-rDpimls&amp;__tn__=*NK-R\">#INAB<\/a>, con este tipo de acciones unen esfuerzos para fomentar la legalidad forestal en las Verapaces.<\/span><\/p>\n<p>&nbsp;<\/p>\n<p><img decoding=\"async\" loading=\"lazy\" class=\"alignnone size-full wp-image-14163\" src=\"https:\/\/gobernacionaltaverapaz.gob.gt\/wp-content\/uploads\/2023\/01\/01-7.jpg\" alt=\"\" width=\"900\" height=\"600\" srcset=\"https:\/\/gobernacionaltaverapaz.gob.gt\/wp-content\/uploads\/2023\/01\/01-7.jpg 900w, https:\/\/gobernacionaltaverapaz.gob.gt\/wp-content\/uploads\/2023\/01\/01-7-300x200.jpg 300w, https:\/\/gobernacionaltaverapaz.gob.gt\/wp-content\/uploads\/2023\/01\/01-7-768x512.jpg 768w\" sizes=\"(max-width: 900px) 100vw, 900px\" \/><\/p>\n<p>&nbsp;<\/p>\n<p>&nbsp;<\/p>\n","protected":false},"excerpt":{"rendered":"<p>El Instituto Nacional de Bosques #INAB, suscribio firma de la Carta de Entendimiento para la Gesti\u00f3n Descentralizada de Aprovechamiento Forestal de Consumo Familiar en el municipio de #Panz\u00f3s #AltaVerapaz, la Municipalidad autorizar\u00e1 aprovechamientos forestales de consumos familiares a los vecinos de la localidad, con la asesor\u00eda y seguimiento del #INAB, con este tipo de acciones [&hellip;]<\/p>\n","protected":false},"author":1,"featured_media":14164,"comment_status":"closed","ping_status":"open","sticky":false,"template":"","format":"standard","meta":[],"categories":[183],"tags":[178],"_links":{"self":[{"href":"https:\/\/gobernacionaltaverapaz.gob.gt\/index.php?rest_route=\/wp\/v2\/posts\/14162"}],"collection":[{"href":"https:\/\/gobernacionaltaverapaz.gob.gt\/index.php?rest_route=\/wp\/v2\/posts"}],"about":[{"href":"https:\/\/gobernacionaltaverapaz.gob.gt\/index.php?rest_route=\/wp\/v2\/types\/post"}],"author":[{"embeddable":true,"href":"https:\/\/gobernacionaltaverapaz.gob.gt\/index.php?rest_route=\/wp\/v2\/users\/1"}],"replies":[{"embeddable":true,"href":"https:\/\/gobernacionaltaverapaz.gob.gt\/index.php?rest_route=%2Fwp%2Fv2%2Fcomments&post=14162"}],"version-history":[{"count":1,"href":"https:\/\/gobernacionaltaverapaz.gob.gt\/index.php?rest_route=\/wp\/v2\/posts\/14162\/revisions"}],"predecessor-version":[{"id":14165,"href":"https:\/\/gobernacionaltaverapaz.gob.gt\/index.php?rest_route=\/wp\/v2\/posts\/14162\/revisions\/14165"}],"wp:featuredmedia":[{"embeddable":true,"href":"https:\/\/gobernacionaltaverapaz.gob.gt\/index.php?rest_route=\/wp\/v2\/media\/14164"}],"wp:attachment":[{"href":"https:\/\/gobernacionaltaverapaz.gob.gt\/index.php?rest_route=%2Fwp%2Fv2%2Fmedia&parent=14162"}],"wp:term":[{"taxonomy":"category","embeddable":true,"href":"https:\/\/gobernacionaltaverapaz.gob.gt\/index.php?rest_route=%2Fwp%2Fv2%2Fcategories&post=14162"},{"taxonomy":"post_tag","embeddable":true,"href":"https:\/\/gobernacionaltaverapaz.gob.gt\/index.php?rest_route=%2Fwp%2Fv2%2Ftags&post=14162"}],"curies":[{"name":"wp","href":"https:\/\/api.w.org\/{rel}","templated":true}]}}