{"id":14170,"date":"2023-01-14T15:27:10","date_gmt":"2023-01-14T21:27:10","guid":{"rendered":"https:\/\/gobernacionaltaverapaz.gob.gt\/?p=14170"},"modified":"2023-01-17T11:25:38","modified_gmt":"2023-01-17T17:25:38","slug":"gestiones-diplomticas-para-la-inversin-el-turismo-de-guatemala","status":"publish","type":"post","link":"https:\/\/gobernacionaltaverapaz.gob.gt\/?p=14170","title":{"rendered":"Gestiones diplom\u00e1ticas para la inversi\u00f3n y el turismo de Guatemala"},"content":{"rendered":"<div class=\"x11i5rnm xat24cr x1mh8g0r x1vvkbs xdj266r x126k92a\">\n<div dir=\"auto\" style=\"text-align: justify;\">La Red de <a class=\"x1i10hfl xjbqb8w x6umtig x1b1mbwd xaqea5y xav7gou x9f619 x1ypdohk xt0psk2 xe8uvvx xdj266r x11i5rnm xat24cr x1mh8g0r xexx8yu x4uap5 x18d9i69 xkhd6sd x16tdsg8 x1hl2dhg xggy1nq x1a2a7pz xt0b8zv x1qq9wsj xo1l8bm\" tabindex=\"0\" role=\"link\" href=\"https:\/\/www.facebook.com\/hashtag\/consejeroscomerciales?__eep__=6&amp;__cft__[0]=AZVvgmWs6yGqk9LnNp8AMax9NdLkI131F1pOo4GQ7c766d75T89ONv8IkbRyTcz3rOgJd3RLuBdYe_ymSulpNgd8cypS8XbeSQmmuCvRDw2CDHYffAaE0hKJQ3PXTfoe_DGp4dRDmcLq4Fno9Bi0sPsKWc76LhUcYR5Ryv3oSZSutH52usZucaSLeIcnlKtHgwuQvt_UcH5u5YrOUWufz2Ci&amp;__tn__=*NK-y-R\">#ConsejerosComerciales<\/a> del <a class=\"x1i10hfl xjbqb8w x6umtig x1b1mbwd xaqea5y xav7gou x9f619 x1ypdohk xt0psk2 xe8uvvx xdj266r x11i5rnm xat24cr x1mh8g0r xexx8yu x4uap5 x18d9i69 xkhd6sd x16tdsg8 x1hl2dhg xggy1nq x1a2a7pz xt0b8zv x1qq9wsj xo1l8bm\" tabindex=\"0\" role=\"link\" href=\"https:\/\/www.facebook.com\/MinexGuatemala?__cft__[0]=AZVvgmWs6yGqk9LnNp8AMax9NdLkI131F1pOo4GQ7c766d75T89ONv8IkbRyTcz3rOgJd3RLuBdYe_ymSulpNgd8cypS8XbeSQmmuCvRDw2CDHYffAaE0hKJQ3PXTfoe_DGp4dRDmcLq4Fno9Bi0sPsKWc76LhUcYR5Ryv3oSZSutH52usZucaSLeIcnlKtHgwuQvt_UcH5u5YrOUWufz2Ci&amp;__tn__=-]K-y-R\"><span class=\"xt0psk2\">Minex Guatemala<\/span><\/a> ha fortalecido las gestiones diplom\u00e1ticas para la inversi\u00f3n y el turismo de Guatemala.<\/div>\n<\/div>\n<div class=\"x11i5rnm xat24cr x1mh8g0r x1vvkbs xtlvy1s x126k92a\">\n<div dir=\"auto\" style=\"text-align: justify;\">Conoce la historia de Emilio Morales, un emprendedor del sector de bienes ra\u00edces.<\/div>\n<\/div>\n<div dir=\"auto\"><\/div>\n<div dir=\"auto\"><\/div>\n<div dir=\"auto\"><a href=\"https:\/\/www.facebook.com\/GobernacionAV\/posts\/pfbid02rry6uB9e331vao32u7Z17ZM3MaEjucEz3yxVggJ8KHKQvc1iaBWj56LUDpmf9E9ql?__cft__[0]=AZVvgmWs6yGqk9LnNp8AMax9NdLkI131F1pOo4GQ7c766d75T89ONv8IkbRyTcz3rOgJd3RLuBdYe_ymSulpNgd8cypS8XbeSQmmuCvRDw2CDHYffAaE0hKJQ3PXTfoe_DGp4dRDmcLq4Fno9Bi0sPsKWc76LhUcYR5Ryv3oSZSutH52usZucaSLeIcnlKtHgwuQvt_UcH5u5YrOUWufz2Ci&amp;__tn__=%2CO%2CP-R\"><img decoding=\"async\" loading=\"lazy\" class=\"alignnone wp-image-14171 size-full\" title=\"Ver video en Facebook\" src=\"https:\/\/gobernacionaltaverapaz.gob.gt\/wp-content\/uploads\/2023\/01\/01-9.jpg\" alt=\"\" width=\"900\" height=\"600\" srcset=\"https:\/\/gobernacionaltaverapaz.gob.gt\/wp-content\/uploads\/2023\/01\/01-9.jpg 900w, https:\/\/gobernacionaltaverapaz.gob.gt\/wp-content\/uploads\/2023\/01\/01-9-300x200.jpg 300w, https:\/\/gobernacionaltaverapaz.gob.gt\/wp-content\/uploads\/2023\/01\/01-9-768x512.jpg 768w\" sizes=\"(max-width: 900px) 100vw, 900px\" \/><\/a><\/div>\n<p>&nbsp;<\/p>\n","protected":false},"excerpt":{"rendered":"<p>La Red de #ConsejerosComerciales del Minex Guatemala ha fortalecido las gestiones diplom\u00e1ticas para la inversi\u00f3n y el turismo de Guatemala. Conoce la historia de Emilio Morales, un emprendedor del sector de bienes ra\u00edces. &nbsp;<\/p>\n","protected":false},"author":1,"featured_media":14172,"comment_status":"closed","ping_status":"open","sticky":false,"template":"","format":"video","meta":[],"categories":[182],"tags":[178],"_links":{"self":[{"href":"https:\/\/gobernacionaltaverapaz.gob.gt\/index.php?rest_route=\/wp\/v2\/posts\/14170"}],"collection":[{"href":"https:\/\/gobernacionaltaverapaz.gob.gt\/index.php?rest_route=\/wp\/v2\/posts"}],"about":[{"href":"https:\/\/gobernacionaltaverapaz.gob.gt\/index.php?rest_route=\/wp\/v2\/types\/post"}],"author":[{"embeddable":true,"href":"https:\/\/gobernacionaltaverapaz.gob.gt\/index.php?rest_route=\/wp\/v2\/users\/1"}],"replies":[{"embeddable":true,"href":"https:\/\/gobernacionaltaverapaz.gob.gt\/index.php?rest_route=%2Fwp%2Fv2%2Fcomments&post=14170"}],"version-history":[{"count":1,"href":"https:\/\/gobernacionaltaverapaz.gob.gt\/index.php?rest_route=\/wp\/v2\/posts\/14170\/revisions"}],"predecessor-version":[{"id":14173,"href":"https:\/\/gobernacionaltaverapaz.gob.gt\/index.php?rest_route=\/wp\/v2\/posts\/14170\/revisions\/14173"}],"wp:featuredmedia":[{"embeddable":true,"href":"https:\/\/gobernacionaltaverapaz.gob.gt\/index.php?rest_route=\/wp\/v2\/media\/14172"}],"wp:attachment":[{"href":"https:\/\/gobernacionaltaverapaz.gob.gt\/index.php?rest_route=%2Fwp%2Fv2%2Fmedia&parent=14170"}],"wp:term":[{"taxonomy":"category","embeddable":true,"href":"https:\/\/gobernacionaltaverapaz.gob.gt\/index.php?rest_route=%2Fwp%2Fv2%2Fcategories&post=14170"},{"taxonomy":"post_tag","embeddable":true,"href":"https:\/\/gobernacionaltaverapaz.gob.gt\/index.php?rest_route=%2Fwp%2Fv2%2Ftags&post=14170"}],"curies":[{"name":"wp","href":"https:\/\/api.w.org\/{rel}","templated":true}]}}