{"id":14293,"date":"2023-01-24T08:25:21","date_gmt":"2023-01-24T14:25:21","guid":{"rendered":"https:\/\/gobernacionaltaverapaz.gob.gt\/?p=14293"},"modified":"2023-01-27T12:54:19","modified_gmt":"2023-01-27T18:54:19","slug":"reunin-de-delegados-de-la-secretaria-de-planificacin-programacin-de-la-presidencia-segeplan","status":"publish","type":"post","link":"https:\/\/gobernacionaltaverapaz.gob.gt\/?p=14293","title":{"rendered":"Reuni\u00f3n de delegados de la secretaria de Planificaci\u00f3n y Programaci\u00f3n de la Presidencia -SEGEPLAN"},"content":{"rendered":"<p style=\"text-align: justify;\"><span class=\"x193iq5w xeuugli x13faqbe x1vvkbs x1xmvt09 x1lliihq x1s928wv xhkezso x1gmr53x x1cpjm7i x1fgarty x1943h6x xudqn12 x3x7a5m x6prxxf xvq8zen xo1l8bm xzsf02u x1yc453h\" dir=\"auto\">El Sr. Gobernador de <a class=\"x1i10hfl xjbqb8w x6umtig x1b1mbwd xaqea5y xav7gou x9f619 x1ypdohk xt0psk2 xe8uvvx xdj266r x11i5rnm xat24cr x1mh8g0r xexx8yu x4uap5 x18d9i69 xkhd6sd x16tdsg8 x1hl2dhg xggy1nq x1a2a7pz xt0b8zv x1qq9wsj xo1l8bm\" tabindex=\"0\" role=\"link\" href=\"https:\/\/www.facebook.com\/hashtag\/altaverapaz?__eep__=6&amp;__cft__[0]=AZUG97UeFE73dQ2lZcY5-gxtjWvHEpAjyCgsIp2RNC8aWiyETmQUlPe2WLfDDSG1nGrgINRBP3oi6LnsZuwuhEOU54ViJtHqzPob1hC9u9hKCBW4U1s_yA2R5mVUz7DdAjEt9NxjOYRc_PfZXOVjnIJh2W4s6CTuXfNomWdmgEL5-WFYFIQGA0E93RJhMF27v-U&amp;__tn__=*NK-R\">#AltaVerapaz<\/a>, dirigi\u00f3 reuni\u00f3n en presencia de delegados de la Secretaria de Planificaci\u00f3n y Programaci\u00f3n de la Presidencia -SEGEPLAN-, <a class=\"x1i10hfl xjbqb8w x6umtig x1b1mbwd xaqea5y xav7gou x9f619 x1ypdohk xt0psk2 xe8uvvx xdj266r x11i5rnm xat24cr x1mh8g0r xexx8yu x4uap5 x18d9i69 xkhd6sd x16tdsg8 x1hl2dhg xggy1nq x1a2a7pz xt0b8zv x1qq9wsj xo1l8bm\" tabindex=\"0\" role=\"link\" href=\"https:\/\/www.facebook.com\/hashtag\/codedeav?__eep__=6&amp;__cft__[0]=AZUG97UeFE73dQ2lZcY5-gxtjWvHEpAjyCgsIp2RNC8aWiyETmQUlPe2WLfDDSG1nGrgINRBP3oi6LnsZuwuhEOU54ViJtHqzPob1hC9u9hKCBW4U1s_yA2R5mVUz7DdAjEt9NxjOYRc_PfZXOVjnIJh2W4s6CTuXfNomWdmgEL5-WFYFIQGA0E93RJhMF27v-U&amp;__tn__=*NK-R\">#CODEDEAV<\/a>, <a class=\"x1i10hfl xjbqb8w x6umtig x1b1mbwd xaqea5y xav7gou x9f619 x1ypdohk xt0psk2 xe8uvvx xdj266r x11i5rnm xat24cr x1mh8g0r xexx8yu x4uap5 x18d9i69 xkhd6sd x16tdsg8 x1hl2dhg xggy1nq x1a2a7pz xt0b8zv x1qq9wsj xo1l8bm\" tabindex=\"0\" role=\"link\" href=\"https:\/\/www.facebook.com\/hashtag\/codedur?__eep__=6&amp;__cft__[0]=AZUG97UeFE73dQ2lZcY5-gxtjWvHEpAjyCgsIp2RNC8aWiyETmQUlPe2WLfDDSG1nGrgINRBP3oi6LnsZuwuhEOU54ViJtHqzPob1hC9u9hKCBW4U1s_yA2R5mVUz7DdAjEt9NxjOYRc_PfZXOVjnIJh2W4s6CTuXfNomWdmgEL5-WFYFIQGA0E93RJhMF27v-U&amp;__tn__=*NK-R\">#CODEDUR<\/a> y Directores Municipales de Planificaci\u00f3n, con la finalidad de llevar a cabo la Programaci\u00f3n de fechas para entrega de expedientes de propuestas finales de proyectos 2024 a presentarse en el mes de marzo del presente a\u00f1o, as\u00ed mismo continuar con el seguimiento a los proyectos 2023 y verificar los Avances en procesos de su Re programaci\u00f3n.<\/span><\/p>\n<p>&nbsp;<\/p>\n<div><\/div>\n","protected":false},"excerpt":{"rendered":"<p>El Sr. Gobernador de #AltaVerapaz, dirigi\u00f3 reuni\u00f3n en presencia de delegados de la Secretaria de Planificaci\u00f3n y Programaci\u00f3n de la Presidencia -SEGEPLAN-, #CODEDEAV, #CODEDUR y Directores Municipales de Planificaci\u00f3n, con la finalidad de llevar a cabo la Programaci\u00f3n de fechas para entrega de expedientes de propuestas finales de proyectos 2024 a presentarse en el mes [&hellip;]<\/p>\n","protected":false},"author":1,"featured_media":14290,"comment_status":"closed","ping_status":"open","sticky":false,"template":"","format":"gallery","meta":[],"categories":[194],"tags":[178],"_links":{"self":[{"href":"https:\/\/gobernacionaltaverapaz.gob.gt\/index.php?rest_route=\/wp\/v2\/posts\/14293"}],"collection":[{"href":"https:\/\/gobernacionaltaverapaz.gob.gt\/index.php?rest_route=\/wp\/v2\/posts"}],"about":[{"href":"https:\/\/gobernacionaltaverapaz.gob.gt\/index.php?rest_route=\/wp\/v2\/types\/post"}],"author":[{"embeddable":true,"href":"https:\/\/gobernacionaltaverapaz.gob.gt\/index.php?rest_route=\/wp\/v2\/users\/1"}],"replies":[{"embeddable":true,"href":"https:\/\/gobernacionaltaverapaz.gob.gt\/index.php?rest_route=%2Fwp%2Fv2%2Fcomments&post=14293"}],"version-history":[{"count":1,"href":"https:\/\/gobernacionaltaverapaz.gob.gt\/index.php?rest_route=\/wp\/v2\/posts\/14293\/revisions"}],"predecessor-version":[{"id":14294,"href":"https:\/\/gobernacionaltaverapaz.gob.gt\/index.php?rest_route=\/wp\/v2\/posts\/14293\/revisions\/14294"}],"wp:featuredmedia":[{"embeddable":true,"href":"https:\/\/gobernacionaltaverapaz.gob.gt\/index.php?rest_route=\/wp\/v2\/media\/14290"}],"wp:attachment":[{"href":"https:\/\/gobernacionaltaverapaz.gob.gt\/index.php?rest_route=%2Fwp%2Fv2%2Fmedia&parent=14293"}],"wp:term":[{"taxonomy":"category","embeddable":true,"href":"https:\/\/gobernacionaltaverapaz.gob.gt\/index.php?rest_route=%2Fwp%2Fv2%2Fcategories&post=14293"},{"taxonomy":"post_tag","embeddable":true,"href":"https:\/\/gobernacionaltaverapaz.gob.gt\/index.php?rest_route=%2Fwp%2Fv2%2Ftags&post=14293"}],"curies":[{"name":"wp","href":"https:\/\/api.w.org\/{rel}","templated":true}]}}