{"id":14299,"date":"2023-01-24T09:41:06","date_gmt":"2023-01-24T15:41:06","guid":{"rendered":"https:\/\/gobernacionaltaverapaz.gob.gt\/?p=14299"},"modified":"2023-01-27T15:06:01","modified_gmt":"2023-01-27T21:06:01","slug":"da-internacional-de-la-educacin","status":"publish","type":"post","link":"https:\/\/gobernacionaltaverapaz.gob.gt\/?p=14299","title":{"rendered":"D\u00eda Internacional De La Educaci\u00f3n"},"content":{"rendered":"<div class=\"x11i5rnm xat24cr x1mh8g0r x1vvkbs xdj266r x126k92a\">\n<div dir=\"auto\" style=\"text-align: justify;\">La Asamblea General de las Naciones Unidas proclam\u00f3 el <a class=\"x1i10hfl xjbqb8w x6umtig x1b1mbwd xaqea5y xav7gou x9f619 x1ypdohk xt0psk2 xe8uvvx xdj266r x11i5rnm xat24cr x1mh8g0r xexx8yu x4uap5 x18d9i69 xkhd6sd x16tdsg8 x1hl2dhg xggy1nq x1a2a7pz xt0b8zv x1qq9wsj xo1l8bm\" tabindex=\"0\" role=\"link\" href=\"https:\/\/www.facebook.com\/hashtag\/24deenero?__eep__=6&amp;__cft__[0]=AZWuaixHaEVKDFsS9d8ZD6aNkw8lXaPrhA2i7xbFuvrqv6Cc_EKcHL-ejTZo1F4h4l3Bx9kUUhDEUj0KJ6lL-1_kBbvg6krnvr2BJ7iUHa5uROkbTVpoPFSIpM6c6UAKiSfOwGL8lFyqEKaMM7gAulqVNSyfLLYSfLERHdoiAPgR6242ciFBclf74Io9PQESbwU&amp;__tn__=*NK-R\">#24DeEnero<\/a> <a class=\"x1i10hfl xjbqb8w x6umtig x1b1mbwd xaqea5y xav7gou x9f619 x1ypdohk xt0psk2 xe8uvvx xdj266r x11i5rnm xat24cr x1mh8g0r xexx8yu x4uap5 x18d9i69 xkhd6sd x16tdsg8 x1hl2dhg xggy1nq x1a2a7pz xt0b8zv x1qq9wsj xo1l8bm\" tabindex=\"0\" role=\"link\" href=\"https:\/\/www.facebook.com\/hashtag\/d%C3%ADainternacionaldelaeducaci%C3%B3n?__eep__=6&amp;__cft__[0]=AZWuaixHaEVKDFsS9d8ZD6aNkw8lXaPrhA2i7xbFuvrqv6Cc_EKcHL-ejTZo1F4h4l3Bx9kUUhDEUj0KJ6lL-1_kBbvg6krnvr2BJ7iUHa5uROkbTVpoPFSIpM6c6UAKiSfOwGL8lFyqEKaMM7gAulqVNSyfLLYSfLERHdoiAPgR6242ciFBclf74Io9PQESbwU&amp;__tn__=*NK-R\">#D\u00edaInternacionalDeLaEducaci\u00f3n<\/a> , en celebraci\u00f3n del papel que la educaci\u00f3n desempe\u00f1a en la paz y el desarrollo.<\/div>\n<\/div>\n<div class=\"x11i5rnm xat24cr x1mh8g0r x1vvkbs xtlvy1s x126k92a\">\n<div dir=\"auto\" style=\"text-align: justify;\">La educaci\u00f3n es un derecho humano, un bien p\u00fablico y una responsabilidad colectiva.<\/div>\n<div dir=\"auto\" style=\"text-align: justify;\"><a class=\"x1i10hfl xjbqb8w x6umtig x1b1mbwd xaqea5y xav7gou x9f619 x1ypdohk xt0psk2 xe8uvvx xdj266r x11i5rnm xat24cr x1mh8g0r xexx8yu x4uap5 x18d9i69 xkhd6sd x16tdsg8 x1hl2dhg xggy1nq x1a2a7pz xt0b8zv x1qq9wsj xo1l8bm\" tabindex=\"0\" role=\"link\" href=\"https:\/\/www.facebook.com\/hashtag\/altaverapaz?__eep__=6&amp;__cft__[0]=AZWuaixHaEVKDFsS9d8ZD6aNkw8lXaPrhA2i7xbFuvrqv6Cc_EKcHL-ejTZo1F4h4l3Bx9kUUhDEUj0KJ6lL-1_kBbvg6krnvr2BJ7iUHa5uROkbTVpoPFSIpM6c6UAKiSfOwGL8lFyqEKaMM7gAulqVNSyfLLYSfLERHdoiAPgR6242ciFBclf74Io9PQESbwU&amp;__tn__=*NK-R\">#AltaVerapaz<\/a><\/div>\n<\/div>\n<div dir=\"auto\"><\/div>\n<div dir=\"auto\"><\/div>\n<div dir=\"auto\"><\/div>\n<p><img decoding=\"async\" loading=\"lazy\" class=\"alignnone size-full wp-image-14300\" src=\"https:\/\/gobernacionaltaverapaz.gob.gt\/wp-content\/uploads\/2023\/01\/0-24.jpg\" alt=\"\" width=\"900\" height=\"600\" srcset=\"https:\/\/gobernacionaltaverapaz.gob.gt\/wp-content\/uploads\/2023\/01\/0-24.jpg 900w, https:\/\/gobernacionaltaverapaz.gob.gt\/wp-content\/uploads\/2023\/01\/0-24-300x200.jpg 300w, https:\/\/gobernacionaltaverapaz.gob.gt\/wp-content\/uploads\/2023\/01\/0-24-768x512.jpg 768w\" sizes=\"(max-width: 900px) 100vw, 900px\" \/><\/p>\n","protected":false},"excerpt":{"rendered":"<p>La Asamblea General de las Naciones Unidas proclam\u00f3 el #24DeEnero #D\u00edaInternacionalDeLaEducaci\u00f3n , en celebraci\u00f3n del papel que la educaci\u00f3n desempe\u00f1a en la paz y el desarrollo. La educaci\u00f3n es un derecho humano, un bien p\u00fablico y una responsabilidad colectiva. #AltaVerapaz<\/p>\n","protected":false},"author":1,"featured_media":14300,"comment_status":"closed","ping_status":"open","sticky":false,"template":"","format":"standard","meta":[],"categories":[2],"tags":[178],"_links":{"self":[{"href":"https:\/\/gobernacionaltaverapaz.gob.gt\/index.php?rest_route=\/wp\/v2\/posts\/14299"}],"collection":[{"href":"https:\/\/gobernacionaltaverapaz.gob.gt\/index.php?rest_route=\/wp\/v2\/posts"}],"about":[{"href":"https:\/\/gobernacionaltaverapaz.gob.gt\/index.php?rest_route=\/wp\/v2\/types\/post"}],"author":[{"embeddable":true,"href":"https:\/\/gobernacionaltaverapaz.gob.gt\/index.php?rest_route=\/wp\/v2\/users\/1"}],"replies":[{"embeddable":true,"href":"https:\/\/gobernacionaltaverapaz.gob.gt\/index.php?rest_route=%2Fwp%2Fv2%2Fcomments&post=14299"}],"version-history":[{"count":1,"href":"https:\/\/gobernacionaltaverapaz.gob.gt\/index.php?rest_route=\/wp\/v2\/posts\/14299\/revisions"}],"predecessor-version":[{"id":14301,"href":"https:\/\/gobernacionaltaverapaz.gob.gt\/index.php?rest_route=\/wp\/v2\/posts\/14299\/revisions\/14301"}],"wp:featuredmedia":[{"embeddable":true,"href":"https:\/\/gobernacionaltaverapaz.gob.gt\/index.php?rest_route=\/wp\/v2\/media\/14300"}],"wp:attachment":[{"href":"https:\/\/gobernacionaltaverapaz.gob.gt\/index.php?rest_route=%2Fwp%2Fv2%2Fmedia&parent=14299"}],"wp:term":[{"taxonomy":"category","embeddable":true,"href":"https:\/\/gobernacionaltaverapaz.gob.gt\/index.php?rest_route=%2Fwp%2Fv2%2Fcategories&post=14299"},{"taxonomy":"post_tag","embeddable":true,"href":"https:\/\/gobernacionaltaverapaz.gob.gt\/index.php?rest_route=%2Fwp%2Fv2%2Ftags&post=14299"}],"curies":[{"name":"wp","href":"https:\/\/api.w.org\/{rel}","templated":true}]}}