{"id":14327,"date":"2023-01-27T14:33:14","date_gmt":"2023-01-27T20:33:14","guid":{"rendered":"https:\/\/gobernacionaltaverapaz.gob.gt\/?p=14327"},"modified":"2023-01-27T15:58:51","modified_gmt":"2023-01-27T21:58:51","slug":"primera-reunin-ordinaria-del-ejercicio-fiscal-2023","status":"publish","type":"post","link":"https:\/\/gobernacionaltaverapaz.gob.gt\/?p=14327","title":{"rendered":"Primera Reuni\u00f3n Ordinaria del Ejercicio Fiscal 2023."},"content":{"rendered":"<div class=\"x11i5rnm xat24cr x1mh8g0r x1vvkbs xdj266r x126k92a\">\n<div dir=\"auto\" style=\"text-align: justify;\">Derivado a la coordinaci\u00f3n que se realiza cada mes con las diferentes Instituciones representadas ante el organismo colegiado del <a class=\"x1i10hfl xjbqb8w x6umtig x1b1mbwd xaqea5y xav7gou x9f619 x1ypdohk xt0psk2 xe8uvvx xdj266r x11i5rnm xat24cr x1mh8g0r xexx8yu x4uap5 x18d9i69 xkhd6sd x16tdsg8 x1hl2dhg xggy1nq x1a2a7pz xt0b8zv x1qq9wsj xo1l8bm\" tabindex=\"0\" role=\"link\" href=\"https:\/\/www.facebook.com\/codede.av.7?__cft__[0]=AZVagZag8rBalK-ifWQmQkr9QO-Zm-oH6DwrKRk8VKM9muqK9u6jD8rCzJLnMoPbsKLb5tRPOOtyaA1o3NuwUOgQuarx_0KIJ5UU8xtM6F_5yYX3mclYYYtU5br27GlL7_YkIX8tna4LNCOZk4ls-iScRFmO0hRVR6fPw8jJjx4iYtnl6GpYLrvTXwXCZ5vUbKM&amp;__tn__=-]K-R\"><span class=\"xt0psk2\">Codede AV<\/span><\/a>, para consensuar los diferentes temas que encaminan el Desarrollo de los 17 Municipios del Departamento de <a class=\"x1i10hfl xjbqb8w x6umtig x1b1mbwd xaqea5y xav7gou x9f619 x1ypdohk xt0psk2 xe8uvvx xdj266r x11i5rnm xat24cr x1mh8g0r xexx8yu x4uap5 x18d9i69 xkhd6sd x16tdsg8 x1hl2dhg xggy1nq x1a2a7pz xt0b8zv x1qq9wsj xo1l8bm\" tabindex=\"0\" role=\"link\" href=\"https:\/\/www.facebook.com\/hashtag\/altaverapaz?__eep__=6&amp;__cft__[0]=AZVagZag8rBalK-ifWQmQkr9QO-Zm-oH6DwrKRk8VKM9muqK9u6jD8rCzJLnMoPbsKLb5tRPOOtyaA1o3NuwUOgQuarx_0KIJ5UU8xtM6F_5yYX3mclYYYtU5br27GlL7_YkIX8tna4LNCOZk4ls-iScRFmO0hRVR6fPw8jJjx4iYtnl6GpYLrvTXwXCZ5vUbKM&amp;__tn__=*NK-R\">#AltaVerapaz<\/a><\/div>\n<div dir=\"auto\" style=\"text-align: justify;\">El d\u00eda de hoy en el sal\u00f3n de las Am\u00e9ricas, del Palacio de Gobernaci\u00f3n, se llev\u00f3 a cabo la Primera Reuni\u00f3n Ordinaria del Ejercicio Fiscal 2023.<\/div>\n<\/div>\n<div class=\"x11i5rnm xat24cr x1mh8g0r x1vvkbs xtlvy1s x126k92a\" style=\"text-align: justify;\">\n<div dir=\"auto\">Como punto de inicio de la reuni\u00f3n se procedi\u00f3 a la Acreditaci\u00f3n y Juramentaci\u00f3n de los nuevos miembros de Sociedad Civil del CODEDE de Alta Verapaz, por parte del Presidente de Este consejo, para los a\u00f1os 2023 y 2024.<\/div>\n<\/div>\n<div class=\"x11i5rnm xat24cr x1mh8g0r x1vvkbs xtlvy1s x126k92a\" style=\"text-align: justify;\">\n<div dir=\"auto\">Informe de Situaci\u00f3n de Proyectos #2023<\/div>\n<div dir=\"auto\">Informe de Avances F\u00edsicos y financieros de proyectos con recursos IVA Paz 2022<\/div>\n<div dir=\"auto\">Aprobaci\u00f3n de Proyectos Nuevos.<\/div>\n<div dir=\"auto\">Reprogramaci\u00f3n de Obras<\/div>\n<div dir=\"auto\">La Secretaria del <a class=\"x1i10hfl xjbqb8w x6umtig x1b1mbwd xaqea5y xav7gou x9f619 x1ypdohk xt0psk2 xe8uvvx xdj266r x11i5rnm xat24cr x1mh8g0r xexx8yu x4uap5 x18d9i69 xkhd6sd x16tdsg8 x1hl2dhg xggy1nq x1a2a7pz xt0b8zv x1qq9wsj xo1l8bm\" tabindex=\"0\" role=\"link\" href=\"https:\/\/www.facebook.com\/codede.av.7?__cft__[0]=AZVagZag8rBalK-ifWQmQkr9QO-Zm-oH6DwrKRk8VKM9muqK9u6jD8rCzJLnMoPbsKLb5tRPOOtyaA1o3NuwUOgQuarx_0KIJ5UU8xtM6F_5yYX3mclYYYtU5br27GlL7_YkIX8tna4LNCOZk4ls-iScRFmO0hRVR6fPw8jJjx4iYtnl6GpYLrvTXwXCZ5vUbKM&amp;__tn__=-]K-R\"><span class=\"xt0psk2\">Codede AV<\/span><\/a>, realiz\u00f3 la presentaci\u00f3n de las comisiones del <a class=\"x1i10hfl xjbqb8w x6umtig x1b1mbwd xaqea5y xav7gou x9f619 x1ypdohk xt0psk2 xe8uvvx xdj266r x11i5rnm xat24cr x1mh8g0r xexx8yu x4uap5 x18d9i69 xkhd6sd x16tdsg8 x1hl2dhg xggy1nq x1a2a7pz xt0b8zv x1qq9wsj xo1l8bm\" tabindex=\"0\" role=\"link\" href=\"https:\/\/www.facebook.com\/hashtag\/codede?__eep__=6&amp;__cft__[0]=AZVagZag8rBalK-ifWQmQkr9QO-Zm-oH6DwrKRk8VKM9muqK9u6jD8rCzJLnMoPbsKLb5tRPOOtyaA1o3NuwUOgQuarx_0KIJ5UU8xtM6F_5yYX3mclYYYtU5br27GlL7_YkIX8tna4LNCOZk4ls-iScRFmO0hRVR6fPw8jJjx4iYtnl6GpYLrvTXwXCZ5vUbKM&amp;__tn__=*NK-R\">#CODEDE<\/a> de Alta Verapaz para el a\u00f1o 2023.<\/div>\n<div dir=\"auto\">El Especialista en Inversi\u00f3n P\u00fablica de <a class=\"x1i10hfl xjbqb8w x6umtig x1b1mbwd xaqea5y xav7gou x9f619 x1ypdohk xt0psk2 xe8uvvx xdj266r x11i5rnm xat24cr x1mh8g0r xexx8yu x4uap5 x18d9i69 xkhd6sd x16tdsg8 x1hl2dhg xggy1nq x1a2a7pz xt0b8zv x1qq9wsj xo1l8bm\" tabindex=\"0\" role=\"link\" href=\"https:\/\/www.facebook.com\/hashtag\/segeplan?__eep__=6&amp;__cft__[0]=AZVagZag8rBalK-ifWQmQkr9QO-Zm-oH6DwrKRk8VKM9muqK9u6jD8rCzJLnMoPbsKLb5tRPOOtyaA1o3NuwUOgQuarx_0KIJ5UU8xtM6F_5yYX3mclYYYtU5br27GlL7_YkIX8tna4LNCOZk4ls-iScRFmO0hRVR6fPw8jJjx4iYtnl6GpYLrvTXwXCZ5vUbKM&amp;__tn__=*NK-R\">#SEGEPLAN<\/a> Alta Verapaz, dio a conocer los Procesos para la Formulaci\u00f3n de Propuestas de Inversi\u00f3n #2024, con fondos del aporte a Consejos de Desarrollo.<\/div>\n<div dir=\"auto\">La Directora Ejecutiva del Consejo de Desarrollo, inform\u00f3 sobre la re-programaci\u00f3n de obra financiada con Aportes a los Consejos Departamentales de Desarrollo.<\/div>\n<div dir=\"auto\">La Socializaci\u00f3n de la Mesa de Seguridad y Conflictividad Social.<\/div>\n<\/div>\n<div class=\"x11i5rnm xat24cr x1mh8g0r x1vvkbs xtlvy1s x126k92a\">\n<div dir=\"auto\" style=\"text-align: justify;\">El Presidente del Consejo Departamental de Desarrollo de Alta Verapaz hizo extensivo ante el pleno, el agradecimiento por el inter\u00e9s manifestado en pro del Desarrollo de Alta Verapaz, as\u00ed como la buena labor desempa\u00f1ada por las autoridades, Instituciones y Sociedad Civil, durante el ejercicio fiscal 2022.<\/div>\n<\/div>\n<div dir=\"auto\"><\/div>\n<div dir=\"auto\"><\/div>\n<div dir=\"auto\"><\/div>\n<div dir=\"auto\">\n<div><\/div>\n<\/div>\n<p>&nbsp;<\/p>\n","protected":false},"excerpt":{"rendered":"<p>Derivado a la coordinaci\u00f3n que se realiza cada mes con las diferentes Instituciones representadas ante el organismo colegiado del Codede AV, para consensuar los diferentes temas que encaminan el Desarrollo de los 17 Municipios del Departamento de #AltaVerapaz El d\u00eda de hoy en el sal\u00f3n de las Am\u00e9ricas, del Palacio de Gobernaci\u00f3n, se llev\u00f3 a [&hellip;]<\/p>\n","protected":false},"author":1,"featured_media":14315,"comment_status":"closed","ping_status":"open","sticky":false,"template":"","format":"gallery","meta":[],"categories":[194],"tags":[178],"_links":{"self":[{"href":"https:\/\/gobernacionaltaverapaz.gob.gt\/index.php?rest_route=\/wp\/v2\/posts\/14327"}],"collection":[{"href":"https:\/\/gobernacionaltaverapaz.gob.gt\/index.php?rest_route=\/wp\/v2\/posts"}],"about":[{"href":"https:\/\/gobernacionaltaverapaz.gob.gt\/index.php?rest_route=\/wp\/v2\/types\/post"}],"author":[{"embeddable":true,"href":"https:\/\/gobernacionaltaverapaz.gob.gt\/index.php?rest_route=\/wp\/v2\/users\/1"}],"replies":[{"embeddable":true,"href":"https:\/\/gobernacionaltaverapaz.gob.gt\/index.php?rest_route=%2Fwp%2Fv2%2Fcomments&post=14327"}],"version-history":[{"count":1,"href":"https:\/\/gobernacionaltaverapaz.gob.gt\/index.php?rest_route=\/wp\/v2\/posts\/14327\/revisions"}],"predecessor-version":[{"id":14328,"href":"https:\/\/gobernacionaltaverapaz.gob.gt\/index.php?rest_route=\/wp\/v2\/posts\/14327\/revisions\/14328"}],"wp:featuredmedia":[{"embeddable":true,"href":"https:\/\/gobernacionaltaverapaz.gob.gt\/index.php?rest_route=\/wp\/v2\/media\/14315"}],"wp:attachment":[{"href":"https:\/\/gobernacionaltaverapaz.gob.gt\/index.php?rest_route=%2Fwp%2Fv2%2Fmedia&parent=14327"}],"wp:term":[{"taxonomy":"category","embeddable":true,"href":"https:\/\/gobernacionaltaverapaz.gob.gt\/index.php?rest_route=%2Fwp%2Fv2%2Fcategories&post=14327"},{"taxonomy":"post_tag","embeddable":true,"href":"https:\/\/gobernacionaltaverapaz.gob.gt\/index.php?rest_route=%2Fwp%2Fv2%2Ftags&post=14327"}],"curies":[{"name":"wp","href":"https:\/\/api.w.org\/{rel}","templated":true}]}}