{"id":14332,"date":"2023-01-27T14:58:36","date_gmt":"2023-01-27T20:58:36","guid":{"rendered":"https:\/\/gobernacionaltaverapaz.gob.gt\/?p=14332"},"modified":"2023-01-27T16:17:52","modified_gmt":"2023-01-27T22:17:52","slug":"acto-de-la-firma-de-3-convenios-entre-gobernacin-departamental-de-alta-verapaz","status":"publish","type":"post","link":"https:\/\/gobernacionaltaverapaz.gob.gt\/?p=14332","title":{"rendered":"Acto de la Firma de 3 Convenios entre Gobernaci\u00f3n Departamental de Alta Verapaz"},"content":{"rendered":"<div dir=\"auto\" style=\"text-align: justify;\">Fortalecer el desarrollo integral del Departamento a trav\u00e9s de la autoridad local, es una instrucci\u00f3n del Sr. Presidente Constitucional de la Rep\u00fablica, derivado de ello el d\u00eda de hoy se llev\u00f3 a cabo el Acto de la Firma de 3 Convenios entre Gobernaci\u00f3n Departamental de Alta Verapaz, El Consejo Departamental de Desarrollo y la Municipalidad de Senah\u00fa, Dichos convenios son firmados para la contrataci\u00f3n de obras con fondos del Aporte a Consejos de Desarrollo del a\u00f1o 2023.<\/div>\n<div dir=\"auto\" style=\"text-align: justify;\">Los 3 convenios firmados permitir\u00e1n la ejecuci\u00f3n en este a\u00f1o de los siguientes proyectos:<\/div>\n<div dir=\"auto\" style=\"text-align: justify;\">Ampliaci\u00f3n de Escuela Primaria Caser\u00edo Concepci\u00f3n Actela Senah\u00fa, A.V.<\/div>\n<div dir=\"auto\" style=\"text-align: justify;\">Mejoramiento Camino Rural Caser\u00edo Cerro Lindo los Limones Senah\u00fa, A.V.<\/div>\n<div dir=\"auto\" style=\"text-align: justify;\">Mejoramiento Escuela Primaria Caser\u00edo Cooperativa Semarac Centro Senah\u00fa, A.V.<\/div>\n<div dir=\"auto\"><\/div>\n<div dir=\"auto\"><\/div>\n<div dir=\"auto\"><\/div>\n<div dir=\"auto\">\n<div>\n<div><\/div>\n<\/div>\n<\/div>\n<div dir=\"auto\"><\/div>\n<div dir=\"auto\"><\/div>\n<div dir=\"auto\"><\/div>\n<p>&nbsp;<\/p>\n","protected":false},"excerpt":{"rendered":"<p>Fortalecer el desarrollo integral del Departamento a trav\u00e9s de la autoridad local, es una instrucci\u00f3n del Sr. Presidente Constitucional de la Rep\u00fablica, derivado de ello el d\u00eda de hoy se llev\u00f3 a cabo el Acto de la Firma de 3 Convenios entre Gobernaci\u00f3n Departamental de Alta Verapaz, El Consejo Departamental de Desarrollo y la Municipalidad [&hellip;]<\/p>\n","protected":false},"author":1,"featured_media":14329,"comment_status":"closed","ping_status":"open","sticky":false,"template":"","format":"gallery","meta":[],"categories":[194],"tags":[178],"_links":{"self":[{"href":"https:\/\/gobernacionaltaverapaz.gob.gt\/index.php?rest_route=\/wp\/v2\/posts\/14332"}],"collection":[{"href":"https:\/\/gobernacionaltaverapaz.gob.gt\/index.php?rest_route=\/wp\/v2\/posts"}],"about":[{"href":"https:\/\/gobernacionaltaverapaz.gob.gt\/index.php?rest_route=\/wp\/v2\/types\/post"}],"author":[{"embeddable":true,"href":"https:\/\/gobernacionaltaverapaz.gob.gt\/index.php?rest_route=\/wp\/v2\/users\/1"}],"replies":[{"embeddable":true,"href":"https:\/\/gobernacionaltaverapaz.gob.gt\/index.php?rest_route=%2Fwp%2Fv2%2Fcomments&post=14332"}],"version-history":[{"count":2,"href":"https:\/\/gobernacionaltaverapaz.gob.gt\/index.php?rest_route=\/wp\/v2\/posts\/14332\/revisions"}],"predecessor-version":[{"id":14335,"href":"https:\/\/gobernacionaltaverapaz.gob.gt\/index.php?rest_route=\/wp\/v2\/posts\/14332\/revisions\/14335"}],"wp:featuredmedia":[{"embeddable":true,"href":"https:\/\/gobernacionaltaverapaz.gob.gt\/index.php?rest_route=\/wp\/v2\/media\/14329"}],"wp:attachment":[{"href":"https:\/\/gobernacionaltaverapaz.gob.gt\/index.php?rest_route=%2Fwp%2Fv2%2Fmedia&parent=14332"}],"wp:term":[{"taxonomy":"category","embeddable":true,"href":"https:\/\/gobernacionaltaverapaz.gob.gt\/index.php?rest_route=%2Fwp%2Fv2%2Fcategories&post=14332"},{"taxonomy":"post_tag","embeddable":true,"href":"https:\/\/gobernacionaltaverapaz.gob.gt\/index.php?rest_route=%2Fwp%2Fv2%2Ftags&post=14332"}],"curies":[{"name":"wp","href":"https:\/\/api.w.org\/{rel}","templated":true}]}}