{"id":14341,"date":"2023-01-27T15:20:39","date_gmt":"2023-01-27T21:20:39","guid":{"rendered":"https:\/\/gobernacionaltaverapaz.gob.gt\/?p=14341"},"modified":"2023-02-20T16:36:24","modified_gmt":"2023-02-20T22:36:24","slug":"firma-del-1er-convenio-entre-gobernacin-departamental-de-av-la-municipalidad-de-santa-catalina-la-tinta","status":"publish","type":"post","link":"https:\/\/gobernacionaltaverapaz.gob.gt\/?p=14341","title":{"rendered":"Firma del 1er. Convenio entre Gobernaci\u00f3n Departamental de A.V y la Municipalidad de Santa Catalina la Tinta"},"content":{"rendered":"<div class=\"x11i5rnm xat24cr x1mh8g0r x1vvkbs xdj266r x126k92a\">\n<div dir=\"auto\" style=\"text-align: justify;\">Fortalecer el desarrollo integral del Departamento de Alta Verapaz, es una instrucci\u00f3n del Sr. Presidente Constitucional de la Rep\u00fablica, derivado de ello el d\u00eda de hoy se llev\u00f3 a cabo el Acto de la Firma del 1er. Convenio entre Gobernaci\u00f3n Departamental de Alta Verapaz, El Consejo Departamental de Desarrollo y la Municipalidad de Santa Catalina la Tinta, Dicho convenio es firmado para la contrataci\u00f3n de obras con fondos del aporte asignado para el A\u00f1o 2023, mismo que permitir\u00e1 la ejecuci\u00f3n en este a\u00f1o del siguiente proyecto:<\/div>\n<\/div>\n<div class=\"x11i5rnm xat24cr x1mh8g0r x1vvkbs xtlvy1s x126k92a\">\n<div dir=\"auto\" style=\"text-align: justify;\">Mejoramiento Camino Rural (Adoquinamiento) Aldea Secsuha, Santa Catalina la Tinta A.V.<\/div>\n<\/div>\n<div dir=\"auto\"><\/div>\n<div dir=\"auto\"><\/div>\n<div dir=\"auto\"><\/div>\n<div dir=\"auto\"><\/div>\n<div dir=\"auto\"><\/div>\n<div dir=\"auto\">\n<div><\/div>\n<\/div>\n<p>&nbsp;<\/p>\n","protected":false},"excerpt":{"rendered":"<p>Fortalecer el desarrollo integral del Departamento de Alta Verapaz, es una instrucci\u00f3n del Sr. Presidente Constitucional de la Rep\u00fablica, derivado de ello el d\u00eda de hoy se llev\u00f3 a cabo el Acto de la Firma del 1er. Convenio entre Gobernaci\u00f3n Departamental de Alta Verapaz, El Consejo Departamental de Desarrollo y la Municipalidad de Santa Catalina [&hellip;]<\/p>\n","protected":false},"author":1,"featured_media":14338,"comment_status":"closed","ping_status":"open","sticky":false,"template":"","format":"gallery","meta":[],"categories":[194],"tags":[178],"_links":{"self":[{"href":"https:\/\/gobernacionaltaverapaz.gob.gt\/index.php?rest_route=\/wp\/v2\/posts\/14341"}],"collection":[{"href":"https:\/\/gobernacionaltaverapaz.gob.gt\/index.php?rest_route=\/wp\/v2\/posts"}],"about":[{"href":"https:\/\/gobernacionaltaverapaz.gob.gt\/index.php?rest_route=\/wp\/v2\/types\/post"}],"author":[{"embeddable":true,"href":"https:\/\/gobernacionaltaverapaz.gob.gt\/index.php?rest_route=\/wp\/v2\/users\/1"}],"replies":[{"embeddable":true,"href":"https:\/\/gobernacionaltaverapaz.gob.gt\/index.php?rest_route=%2Fwp%2Fv2%2Fcomments&post=14341"}],"version-history":[{"count":1,"href":"https:\/\/gobernacionaltaverapaz.gob.gt\/index.php?rest_route=\/wp\/v2\/posts\/14341\/revisions"}],"predecessor-version":[{"id":14342,"href":"https:\/\/gobernacionaltaverapaz.gob.gt\/index.php?rest_route=\/wp\/v2\/posts\/14341\/revisions\/14342"}],"wp:featuredmedia":[{"embeddable":true,"href":"https:\/\/gobernacionaltaverapaz.gob.gt\/index.php?rest_route=\/wp\/v2\/media\/14338"}],"wp:attachment":[{"href":"https:\/\/gobernacionaltaverapaz.gob.gt\/index.php?rest_route=%2Fwp%2Fv2%2Fmedia&parent=14341"}],"wp:term":[{"taxonomy":"category","embeddable":true,"href":"https:\/\/gobernacionaltaverapaz.gob.gt\/index.php?rest_route=%2Fwp%2Fv2%2Fcategories&post=14341"},{"taxonomy":"post_tag","embeddable":true,"href":"https:\/\/gobernacionaltaverapaz.gob.gt\/index.php?rest_route=%2Fwp%2Fv2%2Ftags&post=14341"}],"curies":[{"name":"wp","href":"https:\/\/api.w.org\/{rel}","templated":true}]}}