{"id":14343,"date":"2023-01-30T15:32:29","date_gmt":"2023-01-30T21:32:29","guid":{"rendered":"https:\/\/gobernacionaltaverapaz.gob.gt\/?p=14343"},"modified":"2023-02-20T16:55:40","modified_gmt":"2023-02-20T22:55:40","slug":"firma-de-convenio-para-la-contratacin-de-obras-en-municipalidad-de-san-fernando-chahal","status":"publish","type":"post","link":"https:\/\/gobernacionaltaverapaz.gob.gt\/?p=14343","title":{"rendered":"Firma de convenio para la contrataci\u00f3n de obras en Municipalidad de San Fernando Chahal"},"content":{"rendered":"<div class=\"x11i5rnm xat24cr x1mh8g0r x1vvkbs xdj266r x126k92a\">\n<div dir=\"auto\" style=\"text-align: justify;\">Fortalecer el desarrollo integral del Departamento de Alta Verapaz, es una instrucci\u00f3n del Sr. Presidente Constitucional de la Rep\u00fablica, derivado de ello se llev\u00f3 a cabo el Acto de la Firma de Convenio entre <a class=\"x1i10hfl xjbqb8w x6umtig x1b1mbwd xaqea5y xav7gou x9f619 x1ypdohk xt0psk2 xe8uvvx xdj266r x11i5rnm xat24cr x1mh8g0r xexx8yu x4uap5 x18d9i69 xkhd6sd x16tdsg8 x1hl2dhg xggy1nq x1a2a7pz xt0b8zv x1qq9wsj xo1l8bm\" tabindex=\"0\" role=\"link\" href=\"https:\/\/www.facebook.com\/GobernacionAV?__cft__[0]=AZUU6W2RxUdCiTwsAj79P40J_KEiNk7Pje8p5KunyljAglmiXhsh_qt44XW9SwucJwj8GzrCqWoVTvSGQuAHswZTxTeMzz3kYAGwGKSCbcnQ61fdeJxT7U51QMePvLK5KrD7V7GKPf8CtQXrli-l0Kg5CnmXdqRZvSTtbtNT6OztCZinfrOvYpe2PiziQWo8_ks&amp;__tn__=-]K-R\"><span class=\"xt0psk2\">Gobernaci\u00f3n Departamental de Alta Verapaz<\/span><\/a>, El Consejo Departamental de Desarrollo y la Municipalidad de San Fernando Chahal, Dicho convenio es firmado para la contrataci\u00f3n de obras con fondos del aporte asignado para el A\u00f1o 2023<\/div>\n<\/div>\n<div class=\"x11i5rnm xat24cr x1mh8g0r x1vvkbs xtlvy1s x126k92a\" style=\"text-align: justify;\">\n<div dir=\"auto\">El convenio firmado permitir\u00e1 la ejecuci\u00f3n en este a\u00f1o del siguiente proyecto:<\/div>\n<\/div>\n<div class=\"x11i5rnm xat24cr x1mh8g0r x1vvkbs xtlvy1s x126k92a\">\n<div dir=\"auto\" style=\"text-align: justify;\">Ampliaci\u00f3n Escuela Primaria Barrio San Lucas, Chahal, A.V.<\/div>\n<div dir=\"auto\"><\/div>\n<\/div>\n<div class=\"x11i5rnm xat24cr x1mh8g0r x1vvkbs xtlvy1s x126k92a\">\n<div dir=\"auto\"><a class=\"x1i10hfl xjbqb8w x6umtig x1b1mbwd xaqea5y xav7gou x9f619 x1ypdohk xt0psk2 xe8uvvx xdj266r x11i5rnm xat24cr x1mh8g0r xexx8yu x4uap5 x18d9i69 xkhd6sd x16tdsg8 x1hl2dhg xggy1nq x1a2a7pz xt0b8zv x1qq9wsj xo1l8bm\" tabindex=\"0\" role=\"link\" href=\"https:\/\/www.facebook.com\/codede.av.7?__cft__[0]=AZUU6W2RxUdCiTwsAj79P40J_KEiNk7Pje8p5KunyljAglmiXhsh_qt44XW9SwucJwj8GzrCqWoVTvSGQuAHswZTxTeMzz3kYAGwGKSCbcnQ61fdeJxT7U51QMePvLK5KrD7V7GKPf8CtQXrli-l0Kg5CnmXdqRZvSTtbtNT6OztCZinfrOvYpe2PiziQWo8_ks&amp;__tn__=-]K-R\"><span class=\"xt0psk2\">Codede AV<\/span><\/a><a class=\"x1i10hfl xjbqb8w x6umtig x1b1mbwd xaqea5y xav7gou x9f619 x1ypdohk xt0psk2 xe8uvvx xdj266r x11i5rnm xat24cr x1mh8g0r xexx8yu x4uap5 x18d9i69 xkhd6sd x16tdsg8 x1hl2dhg xggy1nq x1a2a7pz xt0b8zv x1qq9wsj xo1l8bm\" tabindex=\"0\" role=\"link\" href=\"https:\/\/www.facebook.com\/profile.php?id=100085389811870&amp;__cft__[0]=AZUU6W2RxUdCiTwsAj79P40J_KEiNk7Pje8p5KunyljAglmiXhsh_qt44XW9SwucJwj8GzrCqWoVTvSGQuAHswZTxTeMzz3kYAGwGKSCbcnQ61fdeJxT7U51QMePvLK5KrD7V7GKPf8CtQXrli-l0Kg5CnmXdqRZvSTtbtNT6OztCZinfrOvYpe2PiziQWo8_ks&amp;__tn__=-]K-R\"><span class=\"xt0psk2\">Municipalidad de Chahal Oficial<\/span><\/a><\/div>\n<div dir=\"auto\"><a class=\"x1i10hfl xjbqb8w x6umtig x1b1mbwd xaqea5y xav7gou x9f619 x1ypdohk xt0psk2 xe8uvvx xdj266r x11i5rnm xat24cr x1mh8g0r xexx8yu x4uap5 x18d9i69 xkhd6sd x16tdsg8 x1hl2dhg xggy1nq x1a2a7pz xt0b8zv x1qq9wsj xo1l8bm\" tabindex=\"0\" role=\"link\" href=\"https:\/\/www.facebook.com\/hashtag\/elgobdelosguatemaltecos?__eep__=6&amp;__cft__[0]=AZUU6W2RxUdCiTwsAj79P40J_KEiNk7Pje8p5KunyljAglmiXhsh_qt44XW9SwucJwj8GzrCqWoVTvSGQuAHswZTxTeMzz3kYAGwGKSCbcnQ61fdeJxT7U51QMePvLK5KrD7V7GKPf8CtQXrli-l0Kg5CnmXdqRZvSTtbtNT6OztCZinfrOvYpe2PiziQWo8_ks&amp;__tn__=*NK-R\">#ElGobDeLosGuatemaltecos<\/a><\/div>\n<\/div>\n<div dir=\"auto\"><\/div>\n<div dir=\"auto\"><\/div>\n<div dir=\"auto\"><\/div>\n<div dir=\"auto\"><\/div>\n<div dir=\"auto\"><\/div>\n<div dir=\"auto\"><img decoding=\"async\" loading=\"lazy\" class=\"alignnone size-full wp-image-14344\" src=\"https:\/\/gobernacionaltaverapaz.gob.gt\/wp-content\/uploads\/2023\/02\/01-1.jpg\" alt=\"\" width=\"900\" height=\"600\" srcset=\"https:\/\/gobernacionaltaverapaz.gob.gt\/wp-content\/uploads\/2023\/02\/01-1.jpg 900w, https:\/\/gobernacionaltaverapaz.gob.gt\/wp-content\/uploads\/2023\/02\/01-1-300x200.jpg 300w, https:\/\/gobernacionaltaverapaz.gob.gt\/wp-content\/uploads\/2023\/02\/01-1-768x512.jpg 768w\" sizes=\"(max-width: 900px) 100vw, 900px\" \/><\/div>\n<div dir=\"auto\"><\/div>\n<div dir=\"auto\"><\/div>\n<div dir=\"auto\"><\/div>\n<p>&nbsp;<\/p>\n","protected":false},"excerpt":{"rendered":"<p>Fortalecer el desarrollo integral del Departamento de Alta Verapaz, es una instrucci\u00f3n del Sr. Presidente Constitucional de la Rep\u00fablica, derivado de ello se llev\u00f3 a cabo el Acto de la Firma de Convenio entre Gobernaci\u00f3n Departamental de Alta Verapaz, El Consejo Departamental de Desarrollo y la Municipalidad de San Fernando Chahal, Dicho convenio es firmado [&hellip;]<\/p>\n","protected":false},"author":1,"featured_media":14345,"comment_status":"closed","ping_status":"open","sticky":false,"template":"","format":"gallery","meta":[],"categories":[194],"tags":[178],"_links":{"self":[{"href":"https:\/\/gobernacionaltaverapaz.gob.gt\/index.php?rest_route=\/wp\/v2\/posts\/14343"}],"collection":[{"href":"https:\/\/gobernacionaltaverapaz.gob.gt\/index.php?rest_route=\/wp\/v2\/posts"}],"about":[{"href":"https:\/\/gobernacionaltaverapaz.gob.gt\/index.php?rest_route=\/wp\/v2\/types\/post"}],"author":[{"embeddable":true,"href":"https:\/\/gobernacionaltaverapaz.gob.gt\/index.php?rest_route=\/wp\/v2\/users\/1"}],"replies":[{"embeddable":true,"href":"https:\/\/gobernacionaltaverapaz.gob.gt\/index.php?rest_route=%2Fwp%2Fv2%2Fcomments&post=14343"}],"version-history":[{"count":2,"href":"https:\/\/gobernacionaltaverapaz.gob.gt\/index.php?rest_route=\/wp\/v2\/posts\/14343\/revisions"}],"predecessor-version":[{"id":14347,"href":"https:\/\/gobernacionaltaverapaz.gob.gt\/index.php?rest_route=\/wp\/v2\/posts\/14343\/revisions\/14347"}],"wp:featuredmedia":[{"embeddable":true,"href":"https:\/\/gobernacionaltaverapaz.gob.gt\/index.php?rest_route=\/wp\/v2\/media\/14345"}],"wp:attachment":[{"href":"https:\/\/gobernacionaltaverapaz.gob.gt\/index.php?rest_route=%2Fwp%2Fv2%2Fmedia&parent=14343"}],"wp:term":[{"taxonomy":"category","embeddable":true,"href":"https:\/\/gobernacionaltaverapaz.gob.gt\/index.php?rest_route=%2Fwp%2Fv2%2Fcategories&post=14343"},{"taxonomy":"post_tag","embeddable":true,"href":"https:\/\/gobernacionaltaverapaz.gob.gt\/index.php?rest_route=%2Fwp%2Fv2%2Ftags&post=14343"}],"curies":[{"name":"wp","href":"https:\/\/api.w.org\/{rel}","templated":true}]}}