{"id":14363,"date":"2023-02-01T14:10:39","date_gmt":"2023-02-01T20:10:39","guid":{"rendered":"https:\/\/gobernacionaltaverapaz.gob.gt\/?p=14363"},"modified":"2023-02-21T09:20:42","modified_gmt":"2023-02-21T15:20:42","slug":"reunin-con-autoridades-de-la-direccin-de-rea-de-salud-de-alta-verapaz","status":"publish","type":"post","link":"https:\/\/gobernacionaltaverapaz.gob.gt\/?p=14363","title":{"rendered":"Reuni\u00f3n con Autoridades de la Direcci\u00f3n de \u00c1rea de Salud de Alta Verapaz"},"content":{"rendered":"<p style=\"text-align: justify;\"><span class=\"x193iq5w xeuugli x13faqbe x1vvkbs x1xmvt09 x1lliihq x1s928wv xhkezso x1gmr53x x1cpjm7i x1fgarty x1943h6x xudqn12 x3x7a5m x6prxxf xvq8zen xo1l8bm xzsf02u x1yc453h\" dir=\"auto\">Considerando que la inmunizaci\u00f3n es una de las intervenciones de salud p\u00fablica m\u00e1s eficaces, gracias a la cual los menores pueden crecer sanos y desarrollar todo su potencial. El Sr. Gobernador Departamental de Alta Verapaz, sostuvo reuni\u00f3n con Autoridades de la Direcci\u00f3n de \u00c1rea de Salud de Alta Verapaz \u2013DASAV- y personal de instituciones gubernamentales, con la finalidad de socializar el Proyecto Vacuna M\u00f3vil INCAP del Ministerio de Salud P\u00fablica y Asistencia Social \u2013MSPAS-. Mismo que tiene como finalidad realizar acciones de comunicaci\u00f3n y perifoneo para incentivar a la poblaci\u00f3n a vacunarse contra el COVID-19, vacunaci\u00f3n integral, acciones de monitoreo y crecimiento en ni\u00f1as y ni\u00f1os, control prenatal y atenci\u00f3n a la demanda en municipios con baja cobertura. <\/span><\/p>\n<p>&nbsp;<\/p>\n<p>&nbsp;<\/p>\n<div><\/div>\n<p>&nbsp;<\/p>\n","protected":false},"excerpt":{"rendered":"<p>Considerando que la inmunizaci\u00f3n es una de las intervenciones de salud p\u00fablica m\u00e1s eficaces, gracias a la cual los menores pueden crecer sanos y desarrollar todo su potencial. El Sr. Gobernador Departamental de Alta Verapaz, sostuvo reuni\u00f3n con Autoridades de la Direcci\u00f3n de \u00c1rea de Salud de Alta Verapaz \u2013DASAV- y personal de instituciones gubernamentales, [&hellip;]<\/p>\n","protected":false},"author":1,"featured_media":14359,"comment_status":"closed","ping_status":"open","sticky":false,"template":"","format":"gallery","meta":[],"categories":[5],"tags":[178],"_links":{"self":[{"href":"https:\/\/gobernacionaltaverapaz.gob.gt\/index.php?rest_route=\/wp\/v2\/posts\/14363"}],"collection":[{"href":"https:\/\/gobernacionaltaverapaz.gob.gt\/index.php?rest_route=\/wp\/v2\/posts"}],"about":[{"href":"https:\/\/gobernacionaltaverapaz.gob.gt\/index.php?rest_route=\/wp\/v2\/types\/post"}],"author":[{"embeddable":true,"href":"https:\/\/gobernacionaltaverapaz.gob.gt\/index.php?rest_route=\/wp\/v2\/users\/1"}],"replies":[{"embeddable":true,"href":"https:\/\/gobernacionaltaverapaz.gob.gt\/index.php?rest_route=%2Fwp%2Fv2%2Fcomments&post=14363"}],"version-history":[{"count":1,"href":"https:\/\/gobernacionaltaverapaz.gob.gt\/index.php?rest_route=\/wp\/v2\/posts\/14363\/revisions"}],"predecessor-version":[{"id":14364,"href":"https:\/\/gobernacionaltaverapaz.gob.gt\/index.php?rest_route=\/wp\/v2\/posts\/14363\/revisions\/14364"}],"wp:featuredmedia":[{"embeddable":true,"href":"https:\/\/gobernacionaltaverapaz.gob.gt\/index.php?rest_route=\/wp\/v2\/media\/14359"}],"wp:attachment":[{"href":"https:\/\/gobernacionaltaverapaz.gob.gt\/index.php?rest_route=%2Fwp%2Fv2%2Fmedia&parent=14363"}],"wp:term":[{"taxonomy":"category","embeddable":true,"href":"https:\/\/gobernacionaltaverapaz.gob.gt\/index.php?rest_route=%2Fwp%2Fv2%2Fcategories&post=14363"},{"taxonomy":"post_tag","embeddable":true,"href":"https:\/\/gobernacionaltaverapaz.gob.gt\/index.php?rest_route=%2Fwp%2Fv2%2Ftags&post=14363"}],"curies":[{"name":"wp","href":"https:\/\/api.w.org\/{rel}","templated":true}]}}