{"id":14365,"date":"2023-02-01T16:01:41","date_gmt":"2023-02-01T22:01:41","guid":{"rendered":"https:\/\/gobernacionaltaverapaz.gob.gt\/?p=14365"},"modified":"2023-02-21T09:29:41","modified_gmt":"2023-02-21T15:29:41","slug":"reunin-bilateral-para-fortalecer-los-vnculos-de-cooperacin-canales-de-comunicacin","status":"publish","type":"post","link":"https:\/\/gobernacionaltaverapaz.gob.gt\/?p=14365","title":{"rendered":"Reuni\u00f3n bilateral para fortalecer los v\u00ednculos de cooperaci\u00f3n y canales de comunicaci\u00f3n"},"content":{"rendered":"<p style=\"text-align: justify;\"><span class=\"x193iq5w xeuugli x13faqbe x1vvkbs x1xmvt09 x1lliihq x1s928wv xhkezso x1gmr53x x1cpjm7i x1fgarty x1943h6x xudqn12 x3x7a5m x6prxxf xvq8zen xo1l8bm xzsf02u x1yc453h\" dir=\"auto\"><a class=\"x1i10hfl xjbqb8w x6umtig x1b1mbwd xaqea5y xav7gou x9f619 x1ypdohk xt0psk2 xe8uvvx xdj266r x11i5rnm xat24cr x1mh8g0r xexx8yu x4uap5 x18d9i69 xkhd6sd x16tdsg8 x1hl2dhg xggy1nq x1a2a7pz xt0b8zv x1qq9wsj xo1l8bm\" tabindex=\"0\" role=\"link\" href=\"https:\/\/www.facebook.com\/hashtag\/seguridadregional?__eep__=6&amp;__cft__[0]=AZWO_tmUbXtrlD_zOvCnZBD3Bdqgzz7Zm7Rq-yIb_QFgTWz6GXgozLYOFmiP6Fww0rPO8gMRfGM1FLojyp2mv7WeXYsatJpaMzouErYObZJliMA7nrtTeJ22JHVFoSWcrfJI8qZ8_dhCWv_HygibvVq-O60b-YrmyT_Gm80reiwcWaJvIafTC3v0z2tCyyetwI9FekmDniirT3x2RcjRIyjj&amp;__tn__=*NK-y-R\">#SeguridadRegional\u00a0<\/a>| En el marco de la Conferencia Regional de Ministros y Secretarios de Seguridad organizado por el <a class=\"x1i10hfl xjbqb8w x6umtig x1b1mbwd xaqea5y xav7gou x9f619 x1ypdohk xt0psk2 xe8uvvx xdj266r x11i5rnm xat24cr x1mh8g0r xexx8yu x4uap5 x18d9i69 xkhd6sd x16tdsg8 x1hl2dhg xggy1nq x1a2a7pz xt0b8zv x1qq9wsj xo1l8bm\" tabindex=\"0\" role=\"link\" href=\"https:\/\/www.facebook.com\/hashtag\/mingob?__eep__=6&amp;__cft__[0]=AZWO_tmUbXtrlD_zOvCnZBD3Bdqgzz7Zm7Rq-yIb_QFgTWz6GXgozLYOFmiP6Fww0rPO8gMRfGM1FLojyp2mv7WeXYsatJpaMzouErYObZJliMA7nrtTeJ22JHVFoSWcrfJI8qZ8_dhCWv_HygibvVq-O60b-YrmyT_Gm80reiwcWaJvIafTC3v0z2tCyyetwI9FekmDniirT3x2RcjRIyjj&amp;__tn__=*NK-y-R\">#Mingob<\/a>, los representantes de seguridad sostienen una reuni\u00f3n bilateral para fortalecer los v\u00ednculos de cooperaci\u00f3n y canales de comunicaci\u00f3n.<\/span><\/p>\n<p>&nbsp;<\/p>\n<p><img decoding=\"async\" loading=\"lazy\" class=\"alignnone size-full wp-image-14366\" src=\"https:\/\/gobernacionaltaverapaz.gob.gt\/wp-content\/uploads\/2023\/02\/01-5.jpg\" alt=\"\" width=\"900\" height=\"600\" srcset=\"https:\/\/gobernacionaltaverapaz.gob.gt\/wp-content\/uploads\/2023\/02\/01-5.jpg 900w, https:\/\/gobernacionaltaverapaz.gob.gt\/wp-content\/uploads\/2023\/02\/01-5-300x200.jpg 300w, https:\/\/gobernacionaltaverapaz.gob.gt\/wp-content\/uploads\/2023\/02\/01-5-768x512.jpg 768w\" sizes=\"(max-width: 900px) 100vw, 900px\" \/><\/p>\n<p>&nbsp;<\/p>\n","protected":false},"excerpt":{"rendered":"<p>#SeguridadRegional\u00a0| En el marco de la Conferencia Regional de Ministros y Secretarios de Seguridad organizado por el #Mingob, los representantes de seguridad sostienen una reuni\u00f3n bilateral para fortalecer los v\u00ednculos de cooperaci\u00f3n y canales de comunicaci\u00f3n. &nbsp; &nbsp;<\/p>\n","protected":false},"author":1,"featured_media":14367,"comment_status":"closed","ping_status":"open","sticky":false,"template":"","format":"standard","meta":[],"categories":[194],"tags":[178],"_links":{"self":[{"href":"https:\/\/gobernacionaltaverapaz.gob.gt\/index.php?rest_route=\/wp\/v2\/posts\/14365"}],"collection":[{"href":"https:\/\/gobernacionaltaverapaz.gob.gt\/index.php?rest_route=\/wp\/v2\/posts"}],"about":[{"href":"https:\/\/gobernacionaltaverapaz.gob.gt\/index.php?rest_route=\/wp\/v2\/types\/post"}],"author":[{"embeddable":true,"href":"https:\/\/gobernacionaltaverapaz.gob.gt\/index.php?rest_route=\/wp\/v2\/users\/1"}],"replies":[{"embeddable":true,"href":"https:\/\/gobernacionaltaverapaz.gob.gt\/index.php?rest_route=%2Fwp%2Fv2%2Fcomments&post=14365"}],"version-history":[{"count":2,"href":"https:\/\/gobernacionaltaverapaz.gob.gt\/index.php?rest_route=\/wp\/v2\/posts\/14365\/revisions"}],"predecessor-version":[{"id":14369,"href":"https:\/\/gobernacionaltaverapaz.gob.gt\/index.php?rest_route=\/wp\/v2\/posts\/14365\/revisions\/14369"}],"wp:featuredmedia":[{"embeddable":true,"href":"https:\/\/gobernacionaltaverapaz.gob.gt\/index.php?rest_route=\/wp\/v2\/media\/14367"}],"wp:attachment":[{"href":"https:\/\/gobernacionaltaverapaz.gob.gt\/index.php?rest_route=%2Fwp%2Fv2%2Fmedia&parent=14365"}],"wp:term":[{"taxonomy":"category","embeddable":true,"href":"https:\/\/gobernacionaltaverapaz.gob.gt\/index.php?rest_route=%2Fwp%2Fv2%2Fcategories&post=14365"},{"taxonomy":"post_tag","embeddable":true,"href":"https:\/\/gobernacionaltaverapaz.gob.gt\/index.php?rest_route=%2Fwp%2Fv2%2Ftags&post=14365"}],"curies":[{"name":"wp","href":"https:\/\/api.w.org\/{rel}","templated":true}]}}