{"id":14373,"date":"2023-02-01T16:01:20","date_gmt":"2023-02-01T22:01:20","guid":{"rendered":"https:\/\/gobernacionaltaverapaz.gob.gt\/?p=14373"},"modified":"2023-02-21T09:37:11","modified_gmt":"2023-02-21T15:37:11","slug":"conferencia-regional-de-ministros-de-seguridad","status":"publish","type":"post","link":"https:\/\/gobernacionaltaverapaz.gob.gt\/?p=14373","title":{"rendered":"Conferencia Regional de Ministros de Seguridad"},"content":{"rendered":"<p style=\"text-align: justify;\"><span class=\"x193iq5w xeuugli x13faqbe x1vvkbs x1xmvt09 x1lliihq x1s928wv xhkezso x1gmr53x x1cpjm7i x1fgarty x1943h6x xudqn12 x3x7a5m x6prxxf xvq8zen xo1l8bm xzsf02u x1yc453h\" dir=\"auto\"><a class=\"x1i10hfl xjbqb8w x6umtig x1b1mbwd xaqea5y xav7gou x9f619 x1ypdohk xt0psk2 xe8uvvx xdj266r x11i5rnm xat24cr x1mh8g0r xexx8yu x4uap5 x18d9i69 xkhd6sd x16tdsg8 x1hl2dhg xggy1nq x1a2a7pz xt0b8zv x1qq9wsj xo1l8bm\" tabindex=\"0\" role=\"link\" href=\"https:\/\/www.facebook.com\/hashtag\/seguridadregional?__eep__=6&amp;__cft__[0]=AZXqmlwxfIezohlv7sy5kr3r0qLhOZh0YF_6rF3IKjrUxuVwTDS0Z1Erf3HorYIPYZTuXQhk7_v1Et0zsZlwvc9vSlC8dTjoDF6EFxycD9KV-2d_ULhxQ0wYuZQKC4lU3gY6Zh__CztBpGy7Mr7SZshxBFowShvPo7SDG_x5W5dlnLY2IvX_qkqbB98YPgpHVr0dLq2YpnY50LDzl3QwEYY8&amp;__tn__=*NK-y-R\">#SeguridadRegional<\/a>\u00a0 | Inicia el arribo de las delegaciones de Centroam\u00e9rica, M\u00e9xico y Rep\u00fablica Dominicana para participar en la Conferencia Regional de Ministros de Seguridad, que se realizar\u00e1 el 1 y 2 de febrero en el pa\u00eds. El Quinto Viceministro de Antinarc\u00f3ticos recibe en el Sal\u00f3n Diplom\u00e1tico del Aeropuerto Internacional La Aurora, al Subsecretario de <a class=\"x1i10hfl xjbqb8w x6umtig x1b1mbwd xaqea5y xav7gou x9f619 x1ypdohk xt0psk2 xe8uvvx xdj266r x11i5rnm xat24cr x1mh8g0r xexx8yu x4uap5 x18d9i69 xkhd6sd x16tdsg8 x1hl2dhg xggy1nq x1a2a7pz xt0b8zv x1qq9wsj xo1l8bm\" tabindex=\"0\" role=\"link\" href=\"https:\/\/www.facebook.com\/sspcmx\/?__cft__[0]=AZXqmlwxfIezohlv7sy5kr3r0qLhOZh0YF_6rF3IKjrUxuVwTDS0Z1Erf3HorYIPYZTuXQhk7_v1Et0zsZlwvc9vSlC8dTjoDF6EFxycD9KV-2d_ULhxQ0wYuZQKC4lU3gY6Zh__CztBpGy7Mr7SZshxBFowShvPo7SDG_x5W5dlnLY2IvX_qkqbB98YPgpHVr0dLq2YpnY50LDzl3QwEYY8&amp;__tn__=kK-y-R\"><span class=\"xt0psk2\">la Secretar\u00eda de Seguridad y Protecci\u00f3n Ciudad<\/span><\/a>ana, General Luis Rodriguez Bucio.<\/span><\/p>\n<p>&nbsp;<\/p>\n<div><\/div>\n<p>&nbsp;<\/p>\n<p>&nbsp;<\/p>\n","protected":false},"excerpt":{"rendered":"<p>#SeguridadRegional\u00a0 | Inicia el arribo de las delegaciones de Centroam\u00e9rica, M\u00e9xico y Rep\u00fablica Dominicana para participar en la Conferencia Regional de Ministros de Seguridad, que se realizar\u00e1 el 1 y 2 de febrero en el pa\u00eds. El Quinto Viceministro de Antinarc\u00f3ticos recibe en el Sal\u00f3n Diplom\u00e1tico del Aeropuerto Internacional La Aurora, al Subsecretario de la [&hellip;]<\/p>\n","protected":false},"author":1,"featured_media":14370,"comment_status":"closed","ping_status":"open","sticky":false,"template":"","format":"gallery","meta":[],"categories":[194],"tags":[178],"_links":{"self":[{"href":"https:\/\/gobernacionaltaverapaz.gob.gt\/index.php?rest_route=\/wp\/v2\/posts\/14373"}],"collection":[{"href":"https:\/\/gobernacionaltaverapaz.gob.gt\/index.php?rest_route=\/wp\/v2\/posts"}],"about":[{"href":"https:\/\/gobernacionaltaverapaz.gob.gt\/index.php?rest_route=\/wp\/v2\/types\/post"}],"author":[{"embeddable":true,"href":"https:\/\/gobernacionaltaverapaz.gob.gt\/index.php?rest_route=\/wp\/v2\/users\/1"}],"replies":[{"embeddable":true,"href":"https:\/\/gobernacionaltaverapaz.gob.gt\/index.php?rest_route=%2Fwp%2Fv2%2Fcomments&post=14373"}],"version-history":[{"count":1,"href":"https:\/\/gobernacionaltaverapaz.gob.gt\/index.php?rest_route=\/wp\/v2\/posts\/14373\/revisions"}],"predecessor-version":[{"id":14374,"href":"https:\/\/gobernacionaltaverapaz.gob.gt\/index.php?rest_route=\/wp\/v2\/posts\/14373\/revisions\/14374"}],"wp:featuredmedia":[{"embeddable":true,"href":"https:\/\/gobernacionaltaverapaz.gob.gt\/index.php?rest_route=\/wp\/v2\/media\/14370"}],"wp:attachment":[{"href":"https:\/\/gobernacionaltaverapaz.gob.gt\/index.php?rest_route=%2Fwp%2Fv2%2Fmedia&parent=14373"}],"wp:term":[{"taxonomy":"category","embeddable":true,"href":"https:\/\/gobernacionaltaverapaz.gob.gt\/index.php?rest_route=%2Fwp%2Fv2%2Fcategories&post=14373"},{"taxonomy":"post_tag","embeddable":true,"href":"https:\/\/gobernacionaltaverapaz.gob.gt\/index.php?rest_route=%2Fwp%2Fv2%2Ftags&post=14373"}],"curies":[{"name":"wp","href":"https:\/\/api.w.org\/{rel}","templated":true}]}}