{"id":14393,"date":"2023-02-02T14:03:36","date_gmt":"2023-02-02T20:03:36","guid":{"rendered":"https:\/\/gobernacionaltaverapaz.gob.gt\/?p=14393"},"modified":"2023-02-21T10:14:32","modified_gmt":"2023-02-21T16:14:32","slug":"proyecto-de-alerta-temprana-manejo-de-desastres-en-guatemala-2","status":"publish","type":"post","link":"https:\/\/gobernacionaltaverapaz.gob.gt\/?p=14393","title":{"rendered":"Proyecto de alerta temprana y manejo de desastres en Guatemala"},"content":{"rendered":"<p style=\"text-align: justify;\"><span class=\"x193iq5w xeuugli x13faqbe x1vvkbs x1xmvt09 x1lliihq x1s928wv xhkezso x1gmr53x x1cpjm7i x1fgarty x1943h6x xudqn12 x3x7a5m x6prxxf xvq8zen xo1l8bm xzsf02u x1yc453h\" dir=\"auto\">En seguimiento al PROYECTO DE ALERTA TEMPRANA Y MANEJO DE DESASTRES EN GUATEMALA, implementado por <a class=\"x1i10hfl xjbqb8w x6umtig x1b1mbwd xaqea5y xav7gou x9f619 x1ypdohk xt0psk2 xe8uvvx xdj266r x11i5rnm xat24cr x1mh8g0r xexx8yu x4uap5 x18d9i69 xkhd6sd x16tdsg8 x1hl2dhg xggy1nq x1a2a7pz xt0b8zv x1qq9wsj xo1l8bm\" tabindex=\"0\" role=\"link\" href=\"https:\/\/www.facebook.com\/mttguatemala?__cft__[0]=AZWpp8GVc0Uj41GqF151aaMS0CEwGOwTfKkvCVgDysP68PK81dHTqZ9COVW7OWyeUoPtvsg_-tYh_dSAwPHO5Ro0wPKFV_3lY7lZ0pkHeZxiNrMxDlvwsmEDRdt0at0pe3KjZB_1r0Ii-LKG0FTSr3RnAUuhRg6cRiyX_Bn4TozAQdHFGBYOMHAHFkGzEvlXKcY&amp;__tn__=-]K-R\"><span class=\"xt0psk2\">Misi\u00f3n T\u00e9cnica de la Rep\u00fablica de China\uff08Taiw\u00e1n\uff09en Guatemala<\/span><\/a>, El Sr. Gobernador Departamental, tuvo a bien recibir en su despacho al Director de esta Organizaci\u00f3n y a representantes del Instituto Nacional de Sismolog\u00eda, Vulcanolog\u00eda, Meteorolog\u00eda e Hidrolog\u00eda <a class=\"x1i10hfl xjbqb8w x6umtig x1b1mbwd xaqea5y xav7gou x9f619 x1ypdohk xt0psk2 xe8uvvx xdj266r x11i5rnm xat24cr x1mh8g0r xexx8yu x4uap5 x18d9i69 xkhd6sd x16tdsg8 x1hl2dhg xggy1nq x1a2a7pz xt0b8zv x1qq9wsj xo1l8bm\" tabindex=\"0\" role=\"link\" href=\"https:\/\/www.facebook.com\/insivumeh?__cft__[0]=AZWpp8GVc0Uj41GqF151aaMS0CEwGOwTfKkvCVgDysP68PK81dHTqZ9COVW7OWyeUoPtvsg_-tYh_dSAwPHO5Ro0wPKFV_3lY7lZ0pkHeZxiNrMxDlvwsmEDRdt0at0pe3KjZB_1r0Ii-LKG0FTSr3RnAUuhRg6cRiyX_Bn4TozAQdHFGBYOMHAHFkGzEvlXKcY&amp;__tn__=-]K-R\"><span class=\"xt0psk2\">INSIVUMEH<\/span><\/a> y La Coordinadora Nacional para la Reducci\u00f3n de Desastres <a class=\"x1i10hfl xjbqb8w x6umtig x1b1mbwd xaqea5y xav7gou x9f619 x1ypdohk xt0psk2 xe8uvvx xdj266r x11i5rnm xat24cr x1mh8g0r xexx8yu x4uap5 x18d9i69 xkhd6sd x16tdsg8 x1hl2dhg xggy1nq x1a2a7pz xt0b8zv x1qq9wsj xo1l8bm\" tabindex=\"0\" role=\"link\" href=\"https:\/\/www.facebook.com\/conredgt?__cft__[0]=AZWpp8GVc0Uj41GqF151aaMS0CEwGOwTfKkvCVgDysP68PK81dHTqZ9COVW7OWyeUoPtvsg_-tYh_dSAwPHO5Ro0wPKFV_3lY7lZ0pkHeZxiNrMxDlvwsmEDRdt0at0pe3KjZB_1r0Ii-LKG0FTSr3RnAUuhRg6cRiyX_Bn4TozAQdHFGBYOMHAHFkGzEvlXKcY&amp;__tn__=-]K-R\"><span class=\"xt0psk2\">Conred<\/span><\/a>, con la finalidad de que estos entes rectores se involucren en dicho proyecto.<\/span><\/p>\n<p>&nbsp;<\/p>\n<p>&nbsp;<\/p>\n<div><\/div>\n<p>&nbsp;<\/p>\n<p>&nbsp;<\/p>\n","protected":false},"excerpt":{"rendered":"<p>En seguimiento al PROYECTO DE ALERTA TEMPRANA Y MANEJO DE DESASTRES EN GUATEMALA, implementado por Misi\u00f3n T\u00e9cnica de la Rep\u00fablica de China\uff08Taiw\u00e1n\uff09en Guatemala, El Sr. Gobernador Departamental, tuvo a bien recibir en su despacho al Director de esta Organizaci\u00f3n y a representantes del Instituto Nacional de Sismolog\u00eda, Vulcanolog\u00eda, Meteorolog\u00eda e Hidrolog\u00eda INSIVUMEH y La Coordinadora [&hellip;]<\/p>\n","protected":false},"author":1,"featured_media":14388,"comment_status":"closed","ping_status":"open","sticky":false,"template":"","format":"gallery","meta":[],"categories":[194],"tags":[178],"_links":{"self":[{"href":"https:\/\/gobernacionaltaverapaz.gob.gt\/index.php?rest_route=\/wp\/v2\/posts\/14393"}],"collection":[{"href":"https:\/\/gobernacionaltaverapaz.gob.gt\/index.php?rest_route=\/wp\/v2\/posts"}],"about":[{"href":"https:\/\/gobernacionaltaverapaz.gob.gt\/index.php?rest_route=\/wp\/v2\/types\/post"}],"author":[{"embeddable":true,"href":"https:\/\/gobernacionaltaverapaz.gob.gt\/index.php?rest_route=\/wp\/v2\/users\/1"}],"replies":[{"embeddable":true,"href":"https:\/\/gobernacionaltaverapaz.gob.gt\/index.php?rest_route=%2Fwp%2Fv2%2Fcomments&post=14393"}],"version-history":[{"count":1,"href":"https:\/\/gobernacionaltaverapaz.gob.gt\/index.php?rest_route=\/wp\/v2\/posts\/14393\/revisions"}],"predecessor-version":[{"id":14394,"href":"https:\/\/gobernacionaltaverapaz.gob.gt\/index.php?rest_route=\/wp\/v2\/posts\/14393\/revisions\/14394"}],"wp:featuredmedia":[{"embeddable":true,"href":"https:\/\/gobernacionaltaverapaz.gob.gt\/index.php?rest_route=\/wp\/v2\/media\/14388"}],"wp:attachment":[{"href":"https:\/\/gobernacionaltaverapaz.gob.gt\/index.php?rest_route=%2Fwp%2Fv2%2Fmedia&parent=14393"}],"wp:term":[{"taxonomy":"category","embeddable":true,"href":"https:\/\/gobernacionaltaverapaz.gob.gt\/index.php?rest_route=%2Fwp%2Fv2%2Fcategories&post=14393"},{"taxonomy":"post_tag","embeddable":true,"href":"https:\/\/gobernacionaltaverapaz.gob.gt\/index.php?rest_route=%2Fwp%2Fv2%2Ftags&post=14393"}],"curies":[{"name":"wp","href":"https:\/\/api.w.org\/{rel}","templated":true}]}}