{"id":14400,"date":"2023-02-03T12:06:34","date_gmt":"2023-02-03T18:06:34","guid":{"rendered":"https:\/\/gobernacionaltaverapaz.gob.gt\/?p=14400"},"modified":"2023-02-21T10:29:08","modified_gmt":"2023-02-21T16:29:08","slug":"presentacin-del-proyecto-denominado-acceso","status":"publish","type":"post","link":"https:\/\/gobernacionaltaverapaz.gob.gt\/?p=14400","title":{"rendered":"Presentaci\u00f3n del Proyecto denominado ACCESO"},"content":{"rendered":"<div dir=\"auto\" style=\"text-align: justify;\"><a class=\"x1i10hfl xjbqb8w x6umtig x1b1mbwd xaqea5y xav7gou x9f619 x1ypdohk xt0psk2 xe8uvvx xdj266r x11i5rnm xat24cr x1mh8g0r xexx8yu x4uap5 x18d9i69 xkhd6sd x16tdsg8 x1hl2dhg xggy1nq x1a2a7pz xt0b8zv x1qq9wsj xo1l8bm\" tabindex=\"0\" role=\"link\" href=\"https:\/\/www.facebook.com\/hashtag\/elgobdelosguatemaltecos?__eep__=6&amp;__cft__[0]=AZXXC-da7k9QhfXB4LTMt2ErMBjpShtnYY65vHZyaflkgjRo5wdtctCY8KT_6HODr348mBP82ONA8AK9752ZH936r46tKHn1LZaV51FT9VspKM6j6iwbcI8YKAGqJ_2AIFSAABNBT3gQ4yMpZZoobBrZJT39yxQzcW-Y154YQWG4x01Qttmqr8tCEl0BSI8O2Yg&amp;__tn__=*NK-R\">#ElGobDeLosGuatemaltecos<\/a><\/div>\n<div dir=\"auto\" style=\"text-align: justify;\">Representantes de la Organizaci\u00f3n Cristiana de ayuda humanitaria, desarrollo y promoci\u00f3n de la justicia World Vision, hicieron presencia a <a class=\"x1i10hfl xjbqb8w x6umtig x1b1mbwd xaqea5y xav7gou x9f619 x1ypdohk xt0psk2 xe8uvvx xdj266r x11i5rnm xat24cr x1mh8g0r xexx8yu x4uap5 x18d9i69 xkhd6sd x16tdsg8 x1hl2dhg xggy1nq x1a2a7pz xt0b8zv x1qq9wsj xo1l8bm\" tabindex=\"0\" role=\"link\" href=\"https:\/\/www.facebook.com\/GobernacionAV?__cft__[0]=AZXXC-da7k9QhfXB4LTMt2ErMBjpShtnYY65vHZyaflkgjRo5wdtctCY8KT_6HODr348mBP82ONA8AK9752ZH936r46tKHn1LZaV51FT9VspKM6j6iwbcI8YKAGqJ_2AIFSAABNBT3gQ4yMpZZoobBrZJT39yxQzcW-Y154YQWG4x01Qttmqr8tCEl0BSI8O2Yg&amp;__tn__=-]K-R\"><span class=\"xt0psk2\">Gobernaci\u00f3n Departamental de Alta Verapaz<\/span><\/a>, con la finalidad de presentar ante la M\u00e1xima Autoridad del Departamento, El Proyecto denominado ACCESO, el cual est\u00e1 enfocado en la asistencia alimentaria de ni\u00f1os, ni\u00f1as, familias y comunidades vulnerables para dar apoyo de emergencia a la pobreza y pobreza extrema en los municipios de Lanqu\u00edn, Carch\u00e1, Cahab\u00f3n, Chisec y San Crist\u00f3bal, esto debido a las consecuencias del COVID-19 y la Inflaci\u00f3n de los productos de la Canasta B\u00e1sica.<\/div>\n<div dir=\"auto\"><\/div>\n<div dir=\"auto\"><\/div>\n<div dir=\"auto\"><\/div>\n<div dir=\"auto\"><\/div>\n<div dir=\"auto\">\n<div><\/div>\n<\/div>\n<p>&nbsp;<\/p>\n","protected":false},"excerpt":{"rendered":"<p>#ElGobDeLosGuatemaltecos Representantes de la Organizaci\u00f3n Cristiana de ayuda humanitaria, desarrollo y promoci\u00f3n de la justicia World Vision, hicieron presencia a Gobernaci\u00f3n Departamental de Alta Verapaz, con la finalidad de presentar ante la M\u00e1xima Autoridad del Departamento, El Proyecto denominado ACCESO, el cual est\u00e1 enfocado en la asistencia alimentaria de ni\u00f1os, ni\u00f1as, familias y comunidades vulnerables [&hellip;]<\/p>\n","protected":false},"author":1,"featured_media":14395,"comment_status":"closed","ping_status":"open","sticky":false,"template":"","format":"gallery","meta":[],"categories":[194],"tags":[178],"_links":{"self":[{"href":"https:\/\/gobernacionaltaverapaz.gob.gt\/index.php?rest_route=\/wp\/v2\/posts\/14400"}],"collection":[{"href":"https:\/\/gobernacionaltaverapaz.gob.gt\/index.php?rest_route=\/wp\/v2\/posts"}],"about":[{"href":"https:\/\/gobernacionaltaverapaz.gob.gt\/index.php?rest_route=\/wp\/v2\/types\/post"}],"author":[{"embeddable":true,"href":"https:\/\/gobernacionaltaverapaz.gob.gt\/index.php?rest_route=\/wp\/v2\/users\/1"}],"replies":[{"embeddable":true,"href":"https:\/\/gobernacionaltaverapaz.gob.gt\/index.php?rest_route=%2Fwp%2Fv2%2Fcomments&post=14400"}],"version-history":[{"count":1,"href":"https:\/\/gobernacionaltaverapaz.gob.gt\/index.php?rest_route=\/wp\/v2\/posts\/14400\/revisions"}],"predecessor-version":[{"id":14401,"href":"https:\/\/gobernacionaltaverapaz.gob.gt\/index.php?rest_route=\/wp\/v2\/posts\/14400\/revisions\/14401"}],"wp:featuredmedia":[{"embeddable":true,"href":"https:\/\/gobernacionaltaverapaz.gob.gt\/index.php?rest_route=\/wp\/v2\/media\/14395"}],"wp:attachment":[{"href":"https:\/\/gobernacionaltaverapaz.gob.gt\/index.php?rest_route=%2Fwp%2Fv2%2Fmedia&parent=14400"}],"wp:term":[{"taxonomy":"category","embeddable":true,"href":"https:\/\/gobernacionaltaverapaz.gob.gt\/index.php?rest_route=%2Fwp%2Fv2%2Fcategories&post=14400"},{"taxonomy":"post_tag","embeddable":true,"href":"https:\/\/gobernacionaltaverapaz.gob.gt\/index.php?rest_route=%2Fwp%2Fv2%2Ftags&post=14400"}],"curies":[{"name":"wp","href":"https:\/\/api.w.org\/{rel}","templated":true}]}}