{"id":14412,"date":"2023-02-06T14:24:52","date_gmt":"2023-02-06T20:24:52","guid":{"rendered":"https:\/\/gobernacionaltaverapaz.gob.gt\/?p=14412"},"modified":"2023-02-21T10:44:53","modified_gmt":"2023-02-21T16:44:53","slug":"reunin-extraordinaria-del-consejo-departamental-de-desarrollo","status":"publish","type":"post","link":"https:\/\/gobernacionaltaverapaz.gob.gt\/?p=14412","title":{"rendered":"Reuni\u00f3n Extraordinaria del Consejo Departamental de Desarrollo"},"content":{"rendered":"<p style=\"text-align: justify;\"><span class=\"x193iq5w xeuugli x13faqbe x1vvkbs x1xmvt09 x1lliihq x1s928wv xhkezso x1gmr53x x1cpjm7i x1fgarty x1943h6x xudqn12 x3x7a5m x6prxxf xvq8zen xo1l8bm xzsf02u x1yc453h\" dir=\"auto\">El Gobernador Departamental de Alta Verapaz, dirigi\u00f3 el d\u00eda de hoy Reuni\u00f3n Extraordinaria del Consejo Departamental de Desarrollo, en compa\u00f1\u00eda de Autoridades de; <a class=\"x1i10hfl xjbqb8w x6umtig x1b1mbwd xaqea5y xav7gou x9f619 x1ypdohk xt0psk2 xe8uvvx xdj266r x11i5rnm xat24cr x1mh8g0r xexx8yu x4uap5 x18d9i69 xkhd6sd x16tdsg8 x1hl2dhg xggy1nq x1a2a7pz xt0b8zv x1qq9wsj xo1l8bm\" tabindex=\"0\" role=\"link\" href=\"https:\/\/www.facebook.com\/SegeplanGT?__cft__[0]=AZWatqnZOqU8tv8HO_P0SJFUGTOQDddhBttNu5rPWQcQyJ7yI2LD-jgmmXvqCippguyBIcyWt4z9z5c03gbhUF_5Ix-i5KnuvqwneUoF7UGYG4wuxRYu9JX19XQE1jOKGrC8FA3J3FEPoZ-ewPg2DZbh0ACJSzQXNA_QSaLfwjUNnxFtS26NcFf1EOxs3t6aP8w&amp;__tn__=-]K-R\"><span class=\"xt0psk2\">SEGEPLAN Guatemala<\/span><\/a>, <a class=\"x1i10hfl xjbqb8w x6umtig x1b1mbwd xaqea5y xav7gou x9f619 x1ypdohk xt0psk2 xe8uvvx xdj266r x11i5rnm xat24cr x1mh8g0r xexx8yu x4uap5 x18d9i69 xkhd6sd x16tdsg8 x1hl2dhg xggy1nq x1a2a7pz xt0b8zv x1qq9wsj xo1l8bm\" tabindex=\"0\" role=\"link\" href=\"https:\/\/www.facebook.com\/COREDUR.Norte?__cft__[0]=AZWatqnZOqU8tv8HO_P0SJFUGTOQDddhBttNu5rPWQcQyJ7yI2LD-jgmmXvqCippguyBIcyWt4z9z5c03gbhUF_5Ix-i5KnuvqwneUoF7UGYG4wuxRYu9JX19XQE1jOKGrC8FA3J3FEPoZ-ewPg2DZbh0ACJSzQXNA_QSaLfwjUNnxFtS26NcFf1EOxs3t6aP8w&amp;__tn__=-]K-R\"><span class=\"xt0psk2\">Consejo Regional de Desarrollo Urbano y Rural Regi\u00f3n Norte<\/span><\/a>, <a class=\"x1i10hfl xjbqb8w x6umtig x1b1mbwd xaqea5y xav7gou x9f619 x1ypdohk xt0psk2 xe8uvvx xdj266r x11i5rnm xat24cr x1mh8g0r xexx8yu x4uap5 x18d9i69 xkhd6sd x16tdsg8 x1hl2dhg xggy1nq x1a2a7pz xt0b8zv x1qq9wsj xo1l8bm\" tabindex=\"0\" role=\"link\" href=\"https:\/\/www.facebook.com\/codede.av.7?__cft__[0]=AZWatqnZOqU8tv8HO_P0SJFUGTOQDddhBttNu5rPWQcQyJ7yI2LD-jgmmXvqCippguyBIcyWt4z9z5c03gbhUF_5Ix-i5KnuvqwneUoF7UGYG4wuxRYu9JX19XQE1jOKGrC8FA3J3FEPoZ-ewPg2DZbh0ACJSzQXNA_QSaLfwjUNnxFtS26NcFf1EOxs3t6aP8w&amp;__tn__=-]K-R\"><span class=\"xt0psk2\">Codede AV<\/span><\/a>, Jefes Ediles e Instituciones Gubernamentales y no Gubernamentales, Con la finalidad de dar aprobaci\u00f3n al Proyecto Construcci\u00f3n Escuela Primaria Biling\u00fce, Parcelamiento la Fortaleza Guaxpom del Municipio de Tucur\u00fa, A.V. para ser incluido en el proceso de Reprogramaci\u00f3n de Obras. As\u00ed mismo la reprogramaci\u00f3n del Municipio de Chisec, Alta Verapaz.<\/span><\/p>\n<p>&nbsp;<\/p>\n<p>&nbsp;<\/p>\n<p>&nbsp;<\/p>\n<div><\/div>\n","protected":false},"excerpt":{"rendered":"<p>El Gobernador Departamental de Alta Verapaz, dirigi\u00f3 el d\u00eda de hoy Reuni\u00f3n Extraordinaria del Consejo Departamental de Desarrollo, en compa\u00f1\u00eda de Autoridades de; SEGEPLAN Guatemala, Consejo Regional de Desarrollo Urbano y Rural Regi\u00f3n Norte, Codede AV, Jefes Ediles e Instituciones Gubernamentales y no Gubernamentales, Con la finalidad de dar aprobaci\u00f3n al Proyecto Construcci\u00f3n Escuela Primaria [&hellip;]<\/p>\n","protected":false},"author":1,"featured_media":14403,"comment_status":"closed","ping_status":"open","sticky":false,"template":"","format":"gallery","meta":[],"categories":[194],"tags":[178],"_links":{"self":[{"href":"https:\/\/gobernacionaltaverapaz.gob.gt\/index.php?rest_route=\/wp\/v2\/posts\/14412"}],"collection":[{"href":"https:\/\/gobernacionaltaverapaz.gob.gt\/index.php?rest_route=\/wp\/v2\/posts"}],"about":[{"href":"https:\/\/gobernacionaltaverapaz.gob.gt\/index.php?rest_route=\/wp\/v2\/types\/post"}],"author":[{"embeddable":true,"href":"https:\/\/gobernacionaltaverapaz.gob.gt\/index.php?rest_route=\/wp\/v2\/users\/1"}],"replies":[{"embeddable":true,"href":"https:\/\/gobernacionaltaverapaz.gob.gt\/index.php?rest_route=%2Fwp%2Fv2%2Fcomments&post=14412"}],"version-history":[{"count":1,"href":"https:\/\/gobernacionaltaverapaz.gob.gt\/index.php?rest_route=\/wp\/v2\/posts\/14412\/revisions"}],"predecessor-version":[{"id":14413,"href":"https:\/\/gobernacionaltaverapaz.gob.gt\/index.php?rest_route=\/wp\/v2\/posts\/14412\/revisions\/14413"}],"wp:featuredmedia":[{"embeddable":true,"href":"https:\/\/gobernacionaltaverapaz.gob.gt\/index.php?rest_route=\/wp\/v2\/media\/14403"}],"wp:attachment":[{"href":"https:\/\/gobernacionaltaverapaz.gob.gt\/index.php?rest_route=%2Fwp%2Fv2%2Fmedia&parent=14412"}],"wp:term":[{"taxonomy":"category","embeddable":true,"href":"https:\/\/gobernacionaltaverapaz.gob.gt\/index.php?rest_route=%2Fwp%2Fv2%2Fcategories&post=14412"},{"taxonomy":"post_tag","embeddable":true,"href":"https:\/\/gobernacionaltaverapaz.gob.gt\/index.php?rest_route=%2Fwp%2Fv2%2Ftags&post=14412"}],"curies":[{"name":"wp","href":"https:\/\/api.w.org\/{rel}","templated":true}]}}