{"id":14417,"date":"2023-02-06T16:12:17","date_gmt":"2023-02-06T22:12:17","guid":{"rendered":"https:\/\/gobernacionaltaverapaz.gob.gt\/?p=14417"},"modified":"2023-02-21T11:23:42","modified_gmt":"2023-02-21T17:23:42","slug":"reunin-con-autoridades-del-consejo-noruego-para-refugiados-en-guatemala","status":"publish","type":"post","link":"https:\/\/gobernacionaltaverapaz.gob.gt\/?p=14417","title":{"rendered":"Reuni\u00f3n con Autoridades del Consejo Noruego Para Refugiados En Guatemala"},"content":{"rendered":"<p style=\"text-align: justify;\"><span class=\"x193iq5w xeuugli x13faqbe x1vvkbs x1xmvt09 x1lliihq x1s928wv xhkezso x1gmr53x x1cpjm7i x1fgarty x1943h6x xudqn12 x3x7a5m x6prxxf xvq8zen xo1l8bm xzsf02u x1yc453h\" dir=\"auto\">Con el inter\u00e9s de regular y aunar esfuerzos por consolidar la protecci\u00f3n en materia de las diferentes violencias a la poblaci\u00f3n Altaverapacense, El Sr. Gobernador de Alta Verapaz, sostuvo reuni\u00f3n con Autoridades del Consejo Noruego Para Refugiados En Guatemala, con la finalidad de sumar esfuerzos para consolidar la protecci\u00f3n de personas que est\u00e9n siendo sujetas de la diversas violencias y desplazamientos internos en el Departamento.<\/span><\/p>\n<p>&nbsp;<\/p>\n<p>&nbsp;<\/p>\n<div><\/div>\n","protected":false},"excerpt":{"rendered":"<p>Con el inter\u00e9s de regular y aunar esfuerzos por consolidar la protecci\u00f3n en materia de las diferentes violencias a la poblaci\u00f3n Altaverapacense, El Sr. Gobernador de Alta Verapaz, sostuvo reuni\u00f3n con Autoridades del Consejo Noruego Para Refugiados En Guatemala, con la finalidad de sumar esfuerzos para consolidar la protecci\u00f3n de personas que est\u00e9n siendo sujetas [&hellip;]<\/p>\n","protected":false},"author":1,"featured_media":14414,"comment_status":"closed","ping_status":"open","sticky":false,"template":"","format":"gallery","meta":[],"categories":[194],"tags":[178],"_links":{"self":[{"href":"https:\/\/gobernacionaltaverapaz.gob.gt\/index.php?rest_route=\/wp\/v2\/posts\/14417"}],"collection":[{"href":"https:\/\/gobernacionaltaverapaz.gob.gt\/index.php?rest_route=\/wp\/v2\/posts"}],"about":[{"href":"https:\/\/gobernacionaltaverapaz.gob.gt\/index.php?rest_route=\/wp\/v2\/types\/post"}],"author":[{"embeddable":true,"href":"https:\/\/gobernacionaltaverapaz.gob.gt\/index.php?rest_route=\/wp\/v2\/users\/1"}],"replies":[{"embeddable":true,"href":"https:\/\/gobernacionaltaverapaz.gob.gt\/index.php?rest_route=%2Fwp%2Fv2%2Fcomments&post=14417"}],"version-history":[{"count":1,"href":"https:\/\/gobernacionaltaverapaz.gob.gt\/index.php?rest_route=\/wp\/v2\/posts\/14417\/revisions"}],"predecessor-version":[{"id":14418,"href":"https:\/\/gobernacionaltaverapaz.gob.gt\/index.php?rest_route=\/wp\/v2\/posts\/14417\/revisions\/14418"}],"wp:featuredmedia":[{"embeddable":true,"href":"https:\/\/gobernacionaltaverapaz.gob.gt\/index.php?rest_route=\/wp\/v2\/media\/14414"}],"wp:attachment":[{"href":"https:\/\/gobernacionaltaverapaz.gob.gt\/index.php?rest_route=%2Fwp%2Fv2%2Fmedia&parent=14417"}],"wp:term":[{"taxonomy":"category","embeddable":true,"href":"https:\/\/gobernacionaltaverapaz.gob.gt\/index.php?rest_route=%2Fwp%2Fv2%2Fcategories&post=14417"},{"taxonomy":"post_tag","embeddable":true,"href":"https:\/\/gobernacionaltaverapaz.gob.gt\/index.php?rest_route=%2Fwp%2Fv2%2Ftags&post=14417"}],"curies":[{"name":"wp","href":"https:\/\/api.w.org\/{rel}","templated":true}]}}