{"id":14425,"date":"2023-02-08T08:48:09","date_gmt":"2023-02-08T14:48:09","guid":{"rendered":"https:\/\/gobernacionaltaverapaz.gob.gt\/?p=14425"},"modified":"2023-02-21T11:32:46","modified_gmt":"2023-02-21T17:32:46","slug":"capacitacin-de-tcnicas-bsicas-para-el-control-de-incendios-forestales","status":"publish","type":"post","link":"https:\/\/gobernacionaltaverapaz.gob.gt\/?p=14425","title":{"rendered":"Capacitaci\u00f3n de T\u00e9cnicas B\u00e1sicas para el Control de Incendios Forestales"},"content":{"rendered":"<div dir=\"auto\"><a class=\"x1i10hfl xjbqb8w x6umtig x1b1mbwd xaqea5y xav7gou x9f619 x1ypdohk xt0psk2 xe8uvvx xdj266r x11i5rnm xat24cr x1mh8g0r xexx8yu x4uap5 x18d9i69 xkhd6sd x16tdsg8 x1hl2dhg xggy1nq x1a2a7pz xt0b8zv x1qq9wsj xo1l8bm\" tabindex=\"0\" role=\"link\" href=\"https:\/\/www.facebook.com\/hashtag\/altaverapaz?__eep__=6&amp;__cft__[0]=AZV8PF1O_QktjOeXHfqLXpcZs2hFh9b5PIIdNYeJzdCmn6fHRILRzX2yqK5ZBd4SEBEhNnVEd8g0tOUkRYkNXla7FhWbyMPnnp-aN5xMaKsmAOS8yHprN-tYZl_SKN2oyWFZ2JWosaxKW5x_8zqZ_bKiEhUyZPUWyE3yguc6KZLIdjJ2ddtKxrauCFKJUu7FEE0&amp;__tn__=*NK-R\">#AltaVerapaz<\/a><\/div>\n<div dir=\"auto\" style=\"text-align: justify;\">Con el fin de reducir riesgo a desastres por incendios forestales, la Secretar\u00eda Ejecutiva de la Coordinadora Nacional para la Reducci\u00f3n de Desastres \u2013SE-CONRED-, En coordinaci\u00f3n con el Consejo Nacional de \u00c1reas Protegidas \u2013CONAP- desarroll\u00f3 capacitaci\u00f3n de T\u00e9cnicas B\u00e1sicas para el Control de Incendios Forestales, dirigido a elementos de bomberos forestales municipales de Santa Cruz, San Crist\u00f3bal, Cob\u00e1n, Carcha y San Juan Chamelco.<\/div>\n<div dir=\"auto\"><\/div>\n<div dir=\"auto\"><\/div>\n<div dir=\"auto\"><\/div>\n<div dir=\"auto\"><\/div>\n<div dir=\"auto\"><\/div>\n<div dir=\"auto\">\n<div><\/div>\n<\/div>\n<p>&nbsp;<\/p>\n","protected":false},"excerpt":{"rendered":"<p>#AltaVerapaz Con el fin de reducir riesgo a desastres por incendios forestales, la Secretar\u00eda Ejecutiva de la Coordinadora Nacional para la Reducci\u00f3n de Desastres \u2013SE-CONRED-, En coordinaci\u00f3n con el Consejo Nacional de \u00c1reas Protegidas \u2013CONAP- desarroll\u00f3 capacitaci\u00f3n de T\u00e9cnicas B\u00e1sicas para el Control de Incendios Forestales, dirigido a elementos de bomberos forestales municipales de Santa [&hellip;]<\/p>\n","protected":false},"author":1,"featured_media":14419,"comment_status":"closed","ping_status":"open","sticky":false,"template":"","format":"gallery","meta":[],"categories":[6],"tags":[178],"_links":{"self":[{"href":"https:\/\/gobernacionaltaverapaz.gob.gt\/index.php?rest_route=\/wp\/v2\/posts\/14425"}],"collection":[{"href":"https:\/\/gobernacionaltaverapaz.gob.gt\/index.php?rest_route=\/wp\/v2\/posts"}],"about":[{"href":"https:\/\/gobernacionaltaverapaz.gob.gt\/index.php?rest_route=\/wp\/v2\/types\/post"}],"author":[{"embeddable":true,"href":"https:\/\/gobernacionaltaverapaz.gob.gt\/index.php?rest_route=\/wp\/v2\/users\/1"}],"replies":[{"embeddable":true,"href":"https:\/\/gobernacionaltaverapaz.gob.gt\/index.php?rest_route=%2Fwp%2Fv2%2Fcomments&post=14425"}],"version-history":[{"count":1,"href":"https:\/\/gobernacionaltaverapaz.gob.gt\/index.php?rest_route=\/wp\/v2\/posts\/14425\/revisions"}],"predecessor-version":[{"id":14426,"href":"https:\/\/gobernacionaltaverapaz.gob.gt\/index.php?rest_route=\/wp\/v2\/posts\/14425\/revisions\/14426"}],"wp:featuredmedia":[{"embeddable":true,"href":"https:\/\/gobernacionaltaverapaz.gob.gt\/index.php?rest_route=\/wp\/v2\/media\/14419"}],"wp:attachment":[{"href":"https:\/\/gobernacionaltaverapaz.gob.gt\/index.php?rest_route=%2Fwp%2Fv2%2Fmedia&parent=14425"}],"wp:term":[{"taxonomy":"category","embeddable":true,"href":"https:\/\/gobernacionaltaverapaz.gob.gt\/index.php?rest_route=%2Fwp%2Fv2%2Fcategories&post=14425"},{"taxonomy":"post_tag","embeddable":true,"href":"https:\/\/gobernacionaltaverapaz.gob.gt\/index.php?rest_route=%2Fwp%2Fv2%2Ftags&post=14425"}],"curies":[{"name":"wp","href":"https:\/\/api.w.org\/{rel}","templated":true}]}}