{"id":14434,"date":"2023-02-08T13:41:18","date_gmt":"2023-02-08T19:41:18","guid":{"rendered":"https:\/\/gobernacionaltaverapaz.gob.gt\/?p=14434"},"modified":"2023-02-21T11:45:57","modified_gmt":"2023-02-21T17:45:57","slug":"reunin-presidida-por-el-sr-gobernador-departamental","status":"publish","type":"post","link":"https:\/\/gobernacionaltaverapaz.gob.gt\/?p=14434","title":{"rendered":"Reuni\u00f3n presidida por el Sr. Gobernador Departamental"},"content":{"rendered":"<div dir=\"auto\" style=\"text-align: justify;\">En el Sal\u00f3n de las Am\u00e9ricas, del Palacio de Gobernaci\u00f3n de Alta Verapaz, se llev\u00f3 a cabo reuni\u00f3n presidida por el Sr. Gobernador Departamental, con Delegados de la Uni\u00f3n Europea, Oficina del Alto Comisionado de las Naciones Unidas para los Derechos Humanos, Embajadas de; Francia, Reino de los Pa\u00edses Bajos, Espa\u00f1a y Suiza, con el objetivo de dar a conocer el trabajo de Gobernaci\u00f3n Departamental en materia de Desarrollo Social, as\u00ed como los desaf\u00edos que la misma enfrenta.<\/div>\n<div dir=\"auto\"><a class=\"x1i10hfl xjbqb8w x6umtig x1b1mbwd xaqea5y xav7gou x9f619 x1ypdohk xt0psk2 xe8uvvx xdj266r x11i5rnm xat24cr x1mh8g0r xexx8yu x4uap5 x18d9i69 xkhd6sd x16tdsg8 x1hl2dhg xggy1nq x1a2a7pz xt0b8zv x1qq9wsj xo1l8bm\" tabindex=\"0\" role=\"link\" href=\"https:\/\/www.facebook.com\/hashtag\/unidostransformamosguatemala?__eep__=6&amp;__cft__[0]=AZW3PS1qrPa-q-AD55LT8Vmg-uhbPEfIwopLOqCjS_cXNJECGfrA6lW89FmwTP5frcuQTjHb46yBAYoMAg--__TSxi5XxG39Xv2VUuT6UnSWJiF-rvg313zGUjLJst1aj8eZW0W1fZnGx480dsZfut9DF1Og3IUr7wjLzslttybJGj-Q7GZNx0DgVag_EPccg1U&amp;__tn__=*NK-R\">#UnidosTransformamosGuatemala<\/a><\/div>\n<div dir=\"auto\"><a class=\"x1i10hfl xjbqb8w x6umtig x1b1mbwd xaqea5y xav7gou x9f619 x1ypdohk xt0psk2 xe8uvvx xdj266r x11i5rnm xat24cr x1mh8g0r xexx8yu x4uap5 x18d9i69 xkhd6sd x16tdsg8 x1hl2dhg xggy1nq x1a2a7pz xt0b8zv x1qq9wsj xo1l8bm\" tabindex=\"0\" role=\"link\" href=\"https:\/\/www.facebook.com\/hashtag\/elgobdelosguatemaltecos?__eep__=6&amp;__cft__[0]=AZW3PS1qrPa-q-AD55LT8Vmg-uhbPEfIwopLOqCjS_cXNJECGfrA6lW89FmwTP5frcuQTjHb46yBAYoMAg--__TSxi5XxG39Xv2VUuT6UnSWJiF-rvg313zGUjLJst1aj8eZW0W1fZnGx480dsZfut9DF1Og3IUr7wjLzslttybJGj-Q7GZNx0DgVag_EPccg1U&amp;__tn__=*NK-R\">#ElGobDeLosGuatemaltecos<\/a><\/div>\n<div dir=\"auto\"><\/div>\n<div dir=\"auto\"><\/div>\n<div dir=\"auto\"><\/div>\n<div dir=\"auto\"><\/div>\n<div dir=\"auto\"><\/div>\n<div dir=\"auto\"><\/div>\n<div dir=\"auto\">\n<div><\/div>\n<\/div>\n<p>&nbsp;<\/p>\n","protected":false},"excerpt":{"rendered":"<p>En el Sal\u00f3n de las Am\u00e9ricas, del Palacio de Gobernaci\u00f3n de Alta Verapaz, se llev\u00f3 a cabo reuni\u00f3n presidida por el Sr. Gobernador Departamental, con Delegados de la Uni\u00f3n Europea, Oficina del Alto Comisionado de las Naciones Unidas para los Derechos Humanos, Embajadas de; Francia, Reino de los Pa\u00edses Bajos, Espa\u00f1a y Suiza, con el [&hellip;]<\/p>\n","protected":false},"author":1,"featured_media":14427,"comment_status":"closed","ping_status":"open","sticky":false,"template":"","format":"gallery","meta":[],"categories":[194],"tags":[178],"_links":{"self":[{"href":"https:\/\/gobernacionaltaverapaz.gob.gt\/index.php?rest_route=\/wp\/v2\/posts\/14434"}],"collection":[{"href":"https:\/\/gobernacionaltaverapaz.gob.gt\/index.php?rest_route=\/wp\/v2\/posts"}],"about":[{"href":"https:\/\/gobernacionaltaverapaz.gob.gt\/index.php?rest_route=\/wp\/v2\/types\/post"}],"author":[{"embeddable":true,"href":"https:\/\/gobernacionaltaverapaz.gob.gt\/index.php?rest_route=\/wp\/v2\/users\/1"}],"replies":[{"embeddable":true,"href":"https:\/\/gobernacionaltaverapaz.gob.gt\/index.php?rest_route=%2Fwp%2Fv2%2Fcomments&post=14434"}],"version-history":[{"count":1,"href":"https:\/\/gobernacionaltaverapaz.gob.gt\/index.php?rest_route=\/wp\/v2\/posts\/14434\/revisions"}],"predecessor-version":[{"id":14435,"href":"https:\/\/gobernacionaltaverapaz.gob.gt\/index.php?rest_route=\/wp\/v2\/posts\/14434\/revisions\/14435"}],"wp:featuredmedia":[{"embeddable":true,"href":"https:\/\/gobernacionaltaverapaz.gob.gt\/index.php?rest_route=\/wp\/v2\/media\/14427"}],"wp:attachment":[{"href":"https:\/\/gobernacionaltaverapaz.gob.gt\/index.php?rest_route=%2Fwp%2Fv2%2Fmedia&parent=14434"}],"wp:term":[{"taxonomy":"category","embeddable":true,"href":"https:\/\/gobernacionaltaverapaz.gob.gt\/index.php?rest_route=%2Fwp%2Fv2%2Fcategories&post=14434"},{"taxonomy":"post_tag","embeddable":true,"href":"https:\/\/gobernacionaltaverapaz.gob.gt\/index.php?rest_route=%2Fwp%2Fv2%2Ftags&post=14434"}],"curies":[{"name":"wp","href":"https:\/\/api.w.org\/{rel}","templated":true}]}}